{"id":395096,"date":"2026-09-06T08:27:22","date_gmt":"2026-09-06T07:27:22","guid":{"rendered":"https:\/\/realites.com.tn\/fr\/?p=395096"},"modified":"2026-09-06T08:27:22","modified_gmt":"2026-09-06T07:27:22","slug":"cupidite-et-avidite","status":"publish","type":"post","link":"https:\/\/realites.com.tn\/fr\/cupidite-et-avidite\/","title":{"rendered":"Cupidit\u00e9 et avidit\u00e9"},"content":{"rendered":"<p>En pleine crise \u00e9conomique et sociale qui requiert unit\u00e9 et responsabilit\u00e9, quelques syndicats ont pris le risque de d\u00e9clencher une nouvelle temp\u00eate orageuse par des gr\u00e8ves irresponsables en total d\u00e9calage avec les valeurs syndicales qui consistent \u00e0 privil\u00e9gier les droits des citoyens et l\u2019unit\u00e9 de la soci\u00e9t\u00e9. Ce bras de fer qui se joue entre le gouvernement et les syndicats est mont\u00e9 d\u2019un cran en intensit\u00e9, derni\u00e8rement, avec la gr\u00e8ve sauvage, sans pr\u00e9avis et non justifi\u00e9e, des\u00a0transporteurs de carburants.<\/p>\n<p>De fa\u00e7on non moins choquante et effrayante que les attaques contre les droits \u00e9l\u00e9mentaires des citoyens auxquelles il a donn\u00e9 lieu, ce genre de gr\u00e8ve, longtemps refus\u00e9 par la majorit\u00e9 de l\u2019opinion publique, a offert le spectacle d\u2019une sc\u00e8ne syndicale sombrant dans le d\u00e9lire le plus dramatique.<\/p>\n<p>Comme on pouvait le craindre, la suspicion r\u00e9gnante entre le gouvernement et les syndicats devient l\u2019illusoire recours \u00e0 toutes les mis\u00e8res du pays. Le niveau de relation entre les deux parties s\u2019est affaiss\u00e9 entre l\u2019indignation parfois hyst\u00e9rique des syndicalistes et l\u2019indiff\u00e9rence \u00e0 la v\u00e9rit\u00e9 et \u00e0 la r\u00e9alit\u00e9 v\u00e9cue, des responsables gouvernementaux. On n\u2019argumente plus, on crie, on ment et on refuse, le d\u00e9cha\u00eenement le plus excessif pointe le nez. Personnellement, je ne vois dans cette v\u00e9h\u00e9mence qu\u2019une propension \u00e0 r\u00e9gresser et \u00e0 c\u00e9der aux comportements les plus graves menant aux pires exc\u00e8s.<\/p>\n<p>La cupidit\u00e9 et l\u2019avidit\u00e9 mis\u00e9rablement abjectes de plusieurs syndicalistes, qui font feu de tout bois depuis plusieurs ann\u00e9es, ne cessent de d\u00e9livrer le message incorrect du syndicalisme, et la d\u00e9raison semble plus que jamais gouverner leurs esprits. \u00c0 force de multiplier les gr\u00e8ves sauvages, de provoquer des crises sociales sans fin, de lancer des menaces au lieu d\u2019id\u00e9es nettes et pr\u00e9cises, les voil\u00e0 arriv\u00e9s au bout du gouffre. Ils ressemblent de plus en plus \u00e0 leur caricature : personnes arrogantes, hors sol, cupides, qui semblent vivre au-dessus d\u2019elles-m\u00eames. On peut tout dire. La goinfrerie, la rapacit\u00e9, la mauvaise foi, les id\u00e9es pr\u00e9datrices les plus sottes peuvent donner, aujourd\u2019hui, des \u00ab\u00a0syndicalistes\u00a0\u00bb totalement irresponsables. Pour mener \u00e0 bien leurs politiques destructrices, asseoir leur pouvoir tyrannique, augmenter leurs fortunes, plusieurs \u00ab\u00a0syndicalistes\u00a0\u00bb ont compris que, dans un pays aussi \u00e9ruptif que le n\u00f4tre, il est n\u00e9cessaire de franchir tous les cercles de l\u2019enfer. Les bureaux syndicaux qui se sont succ\u00e9d\u00e9 depuis le 14 janvier 2011 ont donn\u00e9 l\u2019image calamiteuse d\u2019une classe syndicale qui cherche, d\u2019abord, \u00e0 enfouir sous les fausses justifications une pr\u00e9dation vorace encombrante. Ils m\u00e8nent une strat\u00e9gie jusqu\u2019au-boutiste, \u00ab\u00a0co\u00fbte que co\u00fbte\u00a0\u00bb, m\u00eame au prix d\u2019une catastrophe \u00e9conomique et sociale.<\/p>\n<p>Il va sans dire que le droit syndical est la condition n\u00e9cessaire, quoique non suffisante, d\u2019une soci\u00e9t\u00e9 \u00e9galitaire. Toutefois il ne permet pas de lui-m\u00eame de trancher la plupart des questions qui perturbent notre soci\u00e9t\u00e9, il permet juste que le d\u00e9bat s\u2019op\u00e8re d\u2019une fa\u00e7on respectueuse de l\u2019\u00e9galit\u00e9 des droits de tous les partenaires en cr\u00e9ant un compromis bien d\u00e9fini de d\u00e9lib\u00e9ration. Il faut, alors, tout changer en commen\u00e7ant par assumer les composantes d\u2019une \u00e9quation vertigineuse : le droit syndical et celui des citoyens, les principes, l\u2019imp\u00e9ratif \u00e9conomique, les aversions de l\u2019opinion publique, les calculs strat\u00e9giques. Plusieurs coups de semonce auraient d\u00fb sonner l\u2019alarme. Mais les quelques tentatives en ce sens ont fini par se perdre dans le flou ou l\u2019arbitraire. H\u00e9las, nos syndicalistes continuent de refuser de supporter les rem\u00e8des de leurs faux calculs.<\/p>\n","protected":false},"excerpt":{"rendered":"<p>En pleine crise \u00e9conomique et sociale qui requiert unit\u00e9 et responsabilit\u00e9, quelques syndicats ont pris le risque de d\u00e9clencher une nouvelle temp\u00eate orageuse par des gr\u00e8ves irresponsables en total d\u00e9calage&hellip;<\/p>\n","protected":false},"author":101,"featured_media":166508,"comment_status":"open","ping_status":"closed","sticky":false,"template":"","format":"standard","meta":{"_lmt_disableupdate":"no","_lmt_disable":"","_jetpack_memberships_contains_paid_content":false,"footnotes":""},"categories":[11],"tags":[],"class_list":["post-395096","post","type-post","status-publish","format-standard","has-post-thumbnail","hentry","category-opinions"],"yoast_head":"<!-- This site is optimized with the Yoast SEO plugin v26.3 - https:\/\/yoast.com\/wordpress\/plugins\/seo\/ -->\n<title>Cupidit\u00e9 et avidit\u00e9 - R\u00e9alit\u00e9s Magazine<\/title>\n<meta name=\"description\" content=\"En pleine crise \u00e9conomique et sociale qui requiert unit\u00e9 et responsabilit\u00e9, quelques syndicats ont pris le risque de d\u00e9clencher une nouvelle temp\u00eate\" \/>\n<meta name=\"robots\" content=\"index, follow, max-snippet:-1, max-image-preview:large, max-video-preview:-1\" \/>\n<link rel=\"canonical\" href=\"https:\/\/realites.com.tn\/fr\/cupidite-et-avidite\/\" \/>\n<meta property=\"og:locale\" content=\"fr_FR\" \/>\n<meta property=\"og:type\" content=\"article\" \/>\n<meta property=\"og:title\" content=\"Cupidit\u00e9 et avidit\u00e9 - R\u00e9alit\u00e9s Magazine\" \/>\n<meta property=\"og:description\" content=\"En pleine crise \u00e9conomique et sociale qui requiert unit\u00e9 et responsabilit\u00e9, quelques syndicats ont pris le risque de d\u00e9clencher une nouvelle temp\u00eate\" \/>\n<meta property=\"og:url\" content=\"https:\/\/realites.com.tn\/fr\/cupidite-et-avidite\/\" \/>\n<meta property=\"og:site_name\" content=\"R\u00e9alit\u00e9s Magazine\" \/>\n<meta property=\"article:publisher\" content=\"https:\/\/www.facebook.com\/realites.tn\/\" \/>\n<meta property=\"article:published_time\" content=\"2026-09-06T07:27:22+00:00\" \/>\n<meta property=\"og:image\" content=\"https:\/\/realites.com.tn\/fr\/wp-content\/uploads\/2020\/02\/mustapha-attia.jpg\" \/>\n\t<meta property=\"og:image:width\" content=\"400\" \/>\n\t<meta property=\"og:image:height\" content=\"400\" \/>\n\t<meta property=\"og:image:type\" content=\"image\/jpeg\" \/>\n<meta name=\"author\" content=\"Mustapha Attia\" \/>\n<meta name=\"twitter:card\" content=\"summary_large_image\" \/>\n<meta name=\"twitter:label1\" content=\"\u00c9crit par\" \/>\n\t<meta name=\"twitter:data1\" content=\"Mustapha Attia\" \/>\n\t<meta name=\"twitter:label2\" content=\"Dur\u00e9e de lecture estim\u00e9e\" \/>\n\t<meta name=\"twitter:data2\" content=\"4 minutes\" \/>\n<script type=\"application\/ld+json\" class=\"yoast-schema-graph\">{\"@context\":\"https:\/\/schema.org\",\"@graph\":[{\"@type\":\"WebPage\",\"@id\":\"https:\/\/realites.com.tn\/fr\/cupidite-et-avidite\/\",\"url\":\"https:\/\/realites.com.tn\/fr\/cupidite-et-avidite\/\",\"name\":\"Cupidit\u00e9 et avidit\u00e9 - R\u00e9alit\u00e9s Magazine\",\"isPartOf\":{\"@id\":\"https:\/\/realites.com.tn\/fr\/#website\"},\"primaryImageOfPage\":{\"@id\":\"https:\/\/realites.com.tn\/fr\/cupidite-et-avidite\/#primaryimage\"},\"image\":{\"@id\":\"https:\/\/realites.com.tn\/fr\/cupidite-et-avidite\/#primaryimage\"},\"thumbnailUrl\":\"https:\/\/realites.com.tn\/fr\/wp-content\/uploads\/2020\/02\/mustapha-attia.jpg\",\"datePublished\":\"2026-09-06T07:27:22+00:00\",\"author\":{\"@id\":\"https:\/\/realites.com.tn\/fr\/#\/schema\/person\/0558beba0c77de0e9dcd6bc1708ff6c6\"},\"description\":\"En pleine crise \u00e9conomique et sociale qui requiert unit\u00e9 et responsabilit\u00e9, quelques syndicats ont pris le risque de d\u00e9clencher une nouvelle temp\u00eate\",\"breadcrumb\":{\"@id\":\"https:\/\/realites.com.tn\/fr\/cupidite-et-avidite\/#breadcrumb\"},\"inLanguage\":\"fr-FR\",\"potentialAction\":[{\"@type\":\"ReadAction\",\"target\":[\"https:\/\/realites.com.tn\/fr\/cupidite-et-avidite\/\"]}]},{\"@type\":\"ImageObject\",\"inLanguage\":\"fr-FR\",\"@id\":\"https:\/\/realites.com.tn\/fr\/cupidite-et-avidite\/#primaryimage\",\"url\":\"https:\/\/realites.com.tn\/fr\/wp-content\/uploads\/2020\/02\/mustapha-attia.jpg\",\"contentUrl\":\"https:\/\/realites.com.tn\/fr\/wp-content\/uploads\/2020\/02\/mustapha-attia.jpg\",\"width\":400,\"height\":400},{\"@type\":\"BreadcrumbList\",\"@id\":\"https:\/\/realites.com.tn\/fr\/cupidite-et-avidite\/#breadcrumb\",\"itemListElement\":[{\"@type\":\"ListItem\",\"position\":1,\"name\":\"Home\",\"item\":\"https:\/\/realites.com.tn\/fr\/\"},{\"@type\":\"ListItem\",\"position\":2,\"name\":\"Cupidit\u00e9 et avidit\u00e9\"}]},{\"@type\":\"WebSite\",\"@id\":\"https:\/\/realites.com.tn\/fr\/#website\",\"url\":\"https:\/\/realites.com.tn\/fr\/\",\"name\":\"R\u00e9alit\u00e9s Magazine\",\"description\":\"Actualit\u00e9s de la Tunisie\",\"potentialAction\":[{\"@type\":\"SearchAction\",\"target\":{\"@type\":\"EntryPoint\",\"urlTemplate\":\"https:\/\/realites.com.tn\/fr\/?s={search_term_string}\"},\"query-input\":{\"@type\":\"PropertyValueSpecification\",\"valueRequired\":true,\"valueName\":\"search_term_string\"}}],\"inLanguage\":\"fr-FR\"},{\"@type\":\"Person\",\"@id\":\"https:\/\/realites.com.tn\/fr\/#\/schema\/person\/0558beba0c77de0e9dcd6bc1708ff6c6\",\"name\":\"Mustapha Attia\",\"image\":{\"@type\":\"ImageObject\",\"inLanguage\":\"fr-FR\",\"@id\":\"https:\/\/realites.com.tn\/fr\/#\/schema\/person\/image\/\",\"url\":\"https:\/\/secure.gravatar.com\/avatar\/0e5331ff19b9c9b51717079fded0c183?s=96&d=mm&r=g\",\"contentUrl\":\"https:\/\/secure.gravatar.com\/avatar\/0e5331ff19b9c9b51717079fded0c183?s=96&d=mm&r=g\",\"caption\":\"Mustapha Attia\"},\"url\":\"https:\/\/realites.com.tn\/fr\/author\/mustaphaattia11914\/\"}]}<\/script>\n<!-- \/ Yoast SEO plugin. -->","yoast_head_json":{"title":"Cupidit\u00e9 et avidit\u00e9 - R\u00e9alit\u00e9s Magazine","description":"En pleine crise \u00e9conomique et sociale qui requiert unit\u00e9 et responsabilit\u00e9, quelques syndicats ont pris le risque de d\u00e9clencher une nouvelle temp\u00eate","robots":{"index":"index","follow":"follow","max-snippet":"max-snippet:-1","max-image-preview":"max-image-preview:large","max-video-preview":"max-video-preview:-1"},"canonical":"https:\/\/realites.com.tn\/fr\/cupidite-et-avidite\/","og_locale":"fr_FR","og_type":"article","og_title":"Cupidit\u00e9 et avidit\u00e9 - R\u00e9alit\u00e9s Magazine","og_description":"En pleine crise \u00e9conomique et sociale qui requiert unit\u00e9 et responsabilit\u00e9, quelques syndicats ont pris le risque de d\u00e9clencher une nouvelle temp\u00eate","og_url":"https:\/\/realites.com.tn\/fr\/cupidite-et-avidite\/","og_site_name":"R\u00e9alit\u00e9s Magazine","article_publisher":"https:\/\/www.facebook.com\/realites.tn\/","article_published_time":"2026-09-06T07:27:22+00:00","og_image":[{"width":400,"height":400,"url":"https:\/\/realites.com.tn\/fr\/wp-content\/uploads\/2020\/02\/mustapha-attia.jpg","type":"image\/jpeg"}],"author":"Mustapha Attia","twitter_card":"summary_large_image","twitter_misc":{"\u00c9crit par":"Mustapha Attia","Dur\u00e9e de lecture estim\u00e9e":"4 minutes"},"schema":{"@context":"https:\/\/schema.org","@graph":[{"@type":"WebPage","@id":"https:\/\/realites.com.tn\/fr\/cupidite-et-avidite\/","url":"https:\/\/realites.com.tn\/fr\/cupidite-et-avidite\/","name":"Cupidit\u00e9 et avidit\u00e9 - R\u00e9alit\u00e9s Magazine","isPartOf":{"@id":"https:\/\/realites.com.tn\/fr\/#website"},"primaryImageOfPage":{"@id":"https:\/\/realites.com.tn\/fr\/cupidite-et-avidite\/#primaryimage"},"image":{"@id":"https:\/\/realites.com.tn\/fr\/cupidite-et-avidite\/#primaryimage"},"thumbnailUrl":"https:\/\/realites.com.tn\/fr\/wp-content\/uploads\/2020\/02\/mustapha-attia.jpg","datePublished":"2026-09-06T07:27:22+00:00","author":{"@id":"https:\/\/realites.com.tn\/fr\/#\/schema\/person\/0558beba0c77de0e9dcd6bc1708ff6c6"},"description":"En pleine crise \u00e9conomique et sociale qui requiert unit\u00e9 et responsabilit\u00e9, quelques syndicats ont pris le risque de d\u00e9clencher une nouvelle temp\u00eate","breadcrumb":{"@id":"https:\/\/realites.com.tn\/fr\/cupidite-et-avidite\/#breadcrumb"},"inLanguage":"fr-FR","potentialAction":[{"@type":"ReadAction","target":["https:\/\/realites.com.tn\/fr\/cupidite-et-avidite\/"]}]},{"@type":"ImageObject","inLanguage":"fr-FR","@id":"https:\/\/realites.com.tn\/fr\/cupidite-et-avidite\/#primaryimage","url":"https:\/\/realites.com.tn\/fr\/wp-content\/uploads\/2020\/02\/mustapha-attia.jpg","contentUrl":"https:\/\/realites.com.tn\/fr\/wp-content\/uploads\/2020\/02\/mustapha-attia.jpg","width":400,"height":400},{"@type":"BreadcrumbList","@id":"https:\/\/realites.com.tn\/fr\/cupidite-et-avidite\/#breadcrumb","itemListElement":[{"@type":"ListItem","position":1,"name":"Home","item":"https:\/\/realites.com.tn\/fr\/"},{"@type":"ListItem","position":2,"name":"Cupidit\u00e9 et avidit\u00e9"}]},{"@type":"WebSite","@id":"https:\/\/realites.com.tn\/fr\/#website","url":"https:\/\/realites.com.tn\/fr\/","name":"R\u00e9alit\u00e9s Magazine","description":"Actualit\u00e9s de la Tunisie","potentialAction":[{"@type":"SearchAction","target":{"@type":"EntryPoint","urlTemplate":"https:\/\/realites.com.tn\/fr\/?s={search_term_string}"},"query-input":{"@type":"PropertyValueSpecification","valueRequired":true,"valueName":"search_term_string"}}],"inLanguage":"fr-FR"},{"@type":"Person","@id":"https:\/\/realites.com.tn\/fr\/#\/schema\/person\/0558beba0c77de0e9dcd6bc1708ff6c6","name":"Mustapha Attia","image":{"@type":"ImageObject","inLanguage":"fr-FR","@id":"https:\/\/realites.com.tn\/fr\/#\/schema\/person\/image\/","url":"https:\/\/secure.gravatar.com\/avatar\/0e5331ff19b9c9b51717079fded0c183?s=96&d=mm&r=g","contentUrl":"https:\/\/secure.gravatar.com\/avatar\/0e5331ff19b9c9b51717079fded0c183?s=96&d=mm&r=g","caption":"Mustapha Attia"},"url":"https:\/\/realites.com.tn\/fr\/author\/mustaphaattia11914\/"}]}},"jetpack_featured_media_url":"https:\/\/realites.com.tn\/fr\/wp-content\/uploads\/2020\/02\/mustapha-attia.jpg","jetpack_sharing_enabled":true,"views":10,"_links":{"self":[{"href":"https:\/\/realites.com.tn\/fr\/wp-json\/wp\/v2\/posts\/395096","targetHints":{"allow":["GET"]}}],"collection":[{"href":"https:\/\/realites.com.tn\/fr\/wp-json\/wp\/v2\/posts"}],"about":[{"href":"https:\/\/realites.com.tn\/fr\/wp-json\/wp\/v2\/types\/post"}],"author":[{"embeddable":true,"href":"https:\/\/realites.com.tn\/fr\/wp-json\/wp\/v2\/users\/101"}],"replies":[{"embeddable":true,"href":"https:\/\/realites.com.tn\/fr\/wp-json\/wp\/v2\/comments?post=395096"}],"version-history":[{"count":1,"href":"https:\/\/realites.com.tn\/fr\/wp-json\/wp\/v2\/posts\/395096\/revisions"}],"predecessor-version":[{"id":395097,"href":"https:\/\/realites.com.tn\/fr\/wp-json\/wp\/v2\/posts\/395096\/revisions\/395097"}],"wp:featuredmedia":[{"embeddable":true,"href":"https:\/\/realites.com.tn\/fr\/wp-json\/wp\/v2\/media\/166508"}],"wp:attachment":[{"href":"https:\/\/realites.com.tn\/fr\/wp-json\/wp\/v2\/media?parent=395096"}],"wp:term":[{"taxonomy":"category","embeddable":true,"href":"https:\/\/realites.com.tn\/fr\/wp-json\/wp\/v2\/categories?post=395096"},{"taxonomy":"post_tag","embeddable":true,"href":"https:\/\/realites.com.tn\/fr\/wp-json\/wp\/v2\/tags?post=395096"}],"curies":[{"name":"wp","href":"https:\/\/api.w.org\/{rel}","templated":true}]}}