{"id":395100,"date":"2026-09-06T12:43:21","date_gmt":"2026-09-06T11:43:21","guid":{"rendered":"https:\/\/realites.com.tn\/fr\/?p=395100"},"modified":"2026-09-06T12:43:21","modified_gmt":"2026-09-06T11:43:21","slug":"deux-visions-damina-fakhet","status":"publish","type":"post","link":"https:\/\/realites.com.tn\/fr\/deux-visions-damina-fakhet\/","title":{"rendered":"Deux visions d\u2019Amina Fakhet"},"content":{"rendered":"<p>Ces repr\u00e9sentations contraires ont \u00e0 voir avec la bipartition de la structure sociale enti\u00e8re. Toutes les fois qu\u2019Amina Fakhet monte sur sc\u00e8ne, elle draine une assistance nombreuse, fid\u00e8le, affectueuse et boulevers\u00e9e par la voix fougueuse o\u00f9 interagissent le talent et l\u2019\u00e9motion li\u00e9s \u00e0 la spontan\u00e9it\u00e9.<\/p>\n<p>Les m\u00e9dias mentionnent cette fusion du public et de sa diva. Mais c\u2019est l\u00e0 occulter les raisons de l\u2019absent. Une fois jadis, au moment o\u00f9 Amina Fakhet commen\u00e7ait \u00e0 chanter, Hatem J\u00e9bri, d\u2019un geste outr\u00e9, stoppa l\u2019\u00e9mission radiodiffus\u00e9e.<\/p>\n<p>Nous formions un groupe de recherche mandat\u00e9 par SERAH, un bureau d\u2019\u00e9tudes sp\u00e9cialis\u00e9 dans la rubrique hydraulique. \u00c9tonn\u00e9 par l\u2019interruption brusqu\u00e9e, je demande \u00e0 J\u00e9bri pourquoi il a ferm\u00e9. Sa r\u00e9ponse m\u2019a sid\u00e9r\u00e9\u00a0: \u00ab<em>Il n\u2019y a plus ni honte, ni pudeur, ni respect de nos valeurs coraniques. Je n\u2019aime pas le chant, mas celui-l\u00e0 d\u00e9passe toutes les bornes\u00bb. <\/em>J\u2019\u00e9coute le propos du chef d\u2019\u00e9quipe multidisciplinaire et ing\u00e9nieur agronome chevronn\u00e9. Combien de Tunisiens voient le monde comme le per\u00e7oit ce coll\u00e8gue \u00e0 la fois croyant et pratiquant\u00a0? Selon Nabil Daboussi, homme de foi, il y aurait, d\u2019apr\u00e8s les facebookeurs, 20% d\u2019adorateurs et 80% de persifleurs autour d\u2019Amina Fakhet. Voici l\u2019argument de Nabil Daboussi\u00a0: \u00ab<em>La Tunisie a une population croyante. Il ne peut y avoir une majorit\u00e9 pour Amina Fakhet\u00bb,<\/em> mis \u00e0 part la question des proportions, les deux clans signalisent la subdivision de la r\u00e9alit\u00e9 sociale globale.<\/p>\n<p>Dans tous les cas de figure, l\u2019inquisition outrepasse le temps et l\u2019espace. \u201cLes Fleurs du mal\u201d, superbe chef-d\u2019\u0153uvre baudelairien, furent censur\u00e9es d\u00e8s leur parution pour \u00ab<em>outrage \u00e0 la morale publique et aux bonnes m\u0153urs\u00bb.<\/em><\/p>\n<p>Ainsi parlait, aussi, Jebri. Nietzsche, \u00e0 son tour, dans \u201cLa Naissance de la trag\u00e9die\u201d cite la fougue dionysiaque avec sa d\u00e9mesure et ses exc\u00e8s. Hatem J\u00e9bri serait d\u2019accord avec Pascal qui, dans les \u201cPens\u00e9es\u201d per\u00e7oit, dans tout loisir un \u201cdivertissement\u201d incompatible avec une certaine condition humaine.<\/p>\n<p>Avant l\u2019explication gestuelle et vocale, Amina Fakhet commence par \u00e9prouver les dimensions \u00e0 chanter. Par son ovation le public r\u00e9percute l\u2019\u00e9motion ressentie, aussi, par lui. Alfred de Musset \u00e9crivait\u00a0: \u00ab<em>Ah\u00a0! frappe-toi le c\u0153ur, c\u2019est l\u00e0 qu\u2019est le g\u00e9nie\u00bb<\/em>. De m\u00eame, dans son \u201c<em>Trait\u00e9 de la peinture\u201d, <\/em>L\u00e9onard de Vinci estime que l\u2019\u0153uvre d\u2019art, comme le Joconde \u00ab<em>existe d\u2019abord dans l\u2019esprit de celui qui la con\u00e7oit<\/em>\u00bb.<\/p>\n<p>Les uns aiment et les autres condamnent Amina Fakhet.<\/p>\n<p>Il suffit d\u2019y prendre garde pour apercevoir ces deux Tunisiens qui se regardent. Le passionn\u00e9 d\u2019Amina ne rate aucune de ses prestations et il n\u2019en a cure du renouvellement ou non de son r\u00e9pertoire \u00e9loquent. L\u2019inquisiteur arrache l\u2019ivraie l\u00e0 o\u00f9 le passionn\u00e9 d\u00e9couvre la p\u00e9pini\u00e8re o\u00f9 fleurit la raison d\u2019\u00eatre sur terre.<\/p>\n<p>Bourguiba re\u00e7oit et f\u00e9licite l\u2019artiste venue de Turquie, cit\u00e9e par lui comme exemple \u00e0 suivre ici. Le r\u00e9formateur affronte, ainsi, les conservateurs.<\/p>\n<p>Le Combattant supr\u00eame re\u00e7oit et congratule Amina mal-aim\u00e9e des affili\u00e9s au r\u00e9pertoire de la d\u00e9cennie noire. Produit et producteur de l\u2019\u00e9mancipation, Bourguiba refuse d\u2019y voir la perversion. De son combat, telle fut la signification. L\u2019analogie \u00e9tablie entre la Tunisie de Bourguiba et la Turquie de Kamal Atat\u00fcrk tranche avec l\u2019Afghanistan o\u00f9 la femme est r\u00e9duite \u00e0 n\u00e9ant. La d\u00e9colonisation manque de pr\u00e9gnance l\u00e0 o\u00f9 une moiti\u00e9 de la population demeure clo\u00eetr\u00e9e entre les murs de l\u2019asile appel\u00e9 maison.<\/p>\n<p>En mati\u00e8re de genre, la diff\u00e9renciation aff\u00e9rente \u00e0 l\u2019\u00e9mancipation intervient au sein de la m\u00eame nation et s\u00e9vit, aussi, entre pays.\u00a0 <em>\u00a0<\/em><\/p>\n","protected":false},"excerpt":{"rendered":"<p>Ces repr\u00e9sentations contraires ont \u00e0 voir avec la bipartition de la structure sociale enti\u00e8re. Toutes les fois qu\u2019Amina Fakhet monte sur sc\u00e8ne, elle draine une assistance nombreuse, fid\u00e8le, affectueuse et&hellip;<\/p>\n","protected":false},"author":91,"featured_media":127920,"comment_status":"open","ping_status":"closed","sticky":false,"template":"","format":"standard","meta":{"_lmt_disableupdate":"no","_lmt_disable":"","_jetpack_memberships_contains_paid_content":false,"footnotes":""},"categories":[11],"tags":[],"class_list":["post-395100","post","type-post","status-publish","format-standard","has-post-thumbnail","hentry","category-opinions"],"yoast_head":"<!-- This site is optimized with the Yoast SEO plugin v26.3 - https:\/\/yoast.com\/wordpress\/plugins\/seo\/ -->\n<title>Deux visions d\u2019Amina Fakhet - R\u00e9alit\u00e9s Magazine<\/title>\n<meta name=\"description\" content=\"Ces repr\u00e9sentations contraires ont \u00e0 voir avec la bipartition de la structure sociale enti\u00e8re. Toutes les fois qu\u2019Amina Fakhet monte sur sc\u00e8ne, elle\" \/>\n<meta name=\"robots\" content=\"index, follow, max-snippet:-1, max-image-preview:large, max-video-preview:-1\" \/>\n<link rel=\"canonical\" href=\"https:\/\/realites.com.tn\/fr\/deux-visions-damina-fakhet\/\" \/>\n<meta property=\"og:locale\" content=\"fr_FR\" \/>\n<meta property=\"og:type\" content=\"article\" \/>\n<meta property=\"og:title\" content=\"Deux visions d\u2019Amina Fakhet - R\u00e9alit\u00e9s Magazine\" \/>\n<meta property=\"og:description\" content=\"Ces repr\u00e9sentations contraires ont \u00e0 voir avec la bipartition de la structure sociale enti\u00e8re. Toutes les fois qu\u2019Amina Fakhet monte sur sc\u00e8ne, elle\" \/>\n<meta property=\"og:url\" content=\"https:\/\/realites.com.tn\/fr\/deux-visions-damina-fakhet\/\" \/>\n<meta property=\"og:site_name\" content=\"R\u00e9alit\u00e9s Magazine\" \/>\n<meta property=\"article:publisher\" content=\"https:\/\/www.facebook.com\/realites.tn\/\" \/>\n<meta property=\"article:published_time\" content=\"2026-09-06T11:43:21+00:00\" \/>\n<meta property=\"og:image\" content=\"https:\/\/realites.com.tn\/fr\/wp-content\/uploads\/2018\/09\/khalil-zammiti.jpg\" \/>\n\t<meta property=\"og:image:width\" content=\"800\" \/>\n\t<meta property=\"og:image:height\" content=\"530\" \/>\n\t<meta property=\"og:image:type\" content=\"image\/jpeg\" \/>\n<meta name=\"author\" content=\"Khalil Zamiti\" \/>\n<meta name=\"twitter:card\" content=\"summary_large_image\" \/>\n<meta name=\"twitter:label1\" content=\"\u00c9crit par\" \/>\n\t<meta name=\"twitter:data1\" content=\"Khalil Zamiti\" \/>\n\t<meta name=\"twitter:label2\" content=\"Dur\u00e9e de lecture estim\u00e9e\" \/>\n\t<meta name=\"twitter:data2\" content=\"4 minutes\" \/>\n<script type=\"application\/ld+json\" class=\"yoast-schema-graph\">{\"@context\":\"https:\/\/schema.org\",\"@graph\":[{\"@type\":\"WebPage\",\"@id\":\"https:\/\/realites.com.tn\/fr\/deux-visions-damina-fakhet\/\",\"url\":\"https:\/\/realites.com.tn\/fr\/deux-visions-damina-fakhet\/\",\"name\":\"Deux visions d\u2019Amina Fakhet - R\u00e9alit\u00e9s Magazine\",\"isPartOf\":{\"@id\":\"https:\/\/realites.com.tn\/fr\/#website\"},\"primaryImageOfPage\":{\"@id\":\"https:\/\/realites.com.tn\/fr\/deux-visions-damina-fakhet\/#primaryimage\"},\"image\":{\"@id\":\"https:\/\/realites.com.tn\/fr\/deux-visions-damina-fakhet\/#primaryimage\"},\"thumbnailUrl\":\"https:\/\/realites.com.tn\/fr\/wp-content\/uploads\/2018\/09\/khalil-zammiti.jpg\",\"datePublished\":\"2026-09-06T11:43:21+00:00\",\"author\":{\"@id\":\"https:\/\/realites.com.tn\/fr\/#\/schema\/person\/4fb6804fca32b5c54579b436fc1dbb94\"},\"description\":\"Ces repr\u00e9sentations contraires ont \u00e0 voir avec la bipartition de la structure sociale enti\u00e8re. Toutes les fois qu\u2019Amina Fakhet monte sur sc\u00e8ne, elle\",\"breadcrumb\":{\"@id\":\"https:\/\/realites.com.tn\/fr\/deux-visions-damina-fakhet\/#breadcrumb\"},\"inLanguage\":\"fr-FR\",\"potentialAction\":[{\"@type\":\"ReadAction\",\"target\":[\"https:\/\/realites.com.tn\/fr\/deux-visions-damina-fakhet\/\"]}]},{\"@type\":\"ImageObject\",\"inLanguage\":\"fr-FR\",\"@id\":\"https:\/\/realites.com.tn\/fr\/deux-visions-damina-fakhet\/#primaryimage\",\"url\":\"https:\/\/realites.com.tn\/fr\/wp-content\/uploads\/2018\/09\/khalil-zammiti.jpg\",\"contentUrl\":\"https:\/\/realites.com.tn\/fr\/wp-content\/uploads\/2018\/09\/khalil-zammiti.jpg\",\"width\":800,\"height\":530},{\"@type\":\"BreadcrumbList\",\"@id\":\"https:\/\/realites.com.tn\/fr\/deux-visions-damina-fakhet\/#breadcrumb\",\"itemListElement\":[{\"@type\":\"ListItem\",\"position\":1,\"name\":\"Home\",\"item\":\"https:\/\/realites.com.tn\/fr\/\"},{\"@type\":\"ListItem\",\"position\":2,\"name\":\"Deux visions d\u2019Amina Fakhet\"}]},{\"@type\":\"WebSite\",\"@id\":\"https:\/\/realites.com.tn\/fr\/#website\",\"url\":\"https:\/\/realites.com.tn\/fr\/\",\"name\":\"R\u00e9alit\u00e9s Magazine\",\"description\":\"Actualit\u00e9s de la Tunisie\",\"potentialAction\":[{\"@type\":\"SearchAction\",\"target\":{\"@type\":\"EntryPoint\",\"urlTemplate\":\"https:\/\/realites.com.tn\/fr\/?s={search_term_string}\"},\"query-input\":{\"@type\":\"PropertyValueSpecification\",\"valueRequired\":true,\"valueName\":\"search_term_string\"}}],\"inLanguage\":\"fr-FR\"},{\"@type\":\"Person\",\"@id\":\"https:\/\/realites.com.tn\/fr\/#\/schema\/person\/4fb6804fca32b5c54579b436fc1dbb94\",\"name\":\"Khalil Zamiti\",\"image\":{\"@type\":\"ImageObject\",\"inLanguage\":\"fr-FR\",\"@id\":\"https:\/\/realites.com.tn\/fr\/#\/schema\/person\/image\/\",\"url\":\"https:\/\/secure.gravatar.com\/avatar\/736c92caee0f6c6c00fea8fc05cbca69?s=96&d=mm&r=g\",\"contentUrl\":\"https:\/\/secure.gravatar.com\/avatar\/736c92caee0f6c6c00fea8fc05cbca69?s=96&d=mm&r=g\",\"caption\":\"Khalil Zamiti\"},\"url\":\"https:\/\/realites.com.tn\/fr\/author\/khalil-zamiti\/\"}]}<\/script>\n<!-- \/ Yoast SEO plugin. -->","yoast_head_json":{"title":"Deux visions d\u2019Amina Fakhet - R\u00e9alit\u00e9s Magazine","description":"Ces repr\u00e9sentations contraires ont \u00e0 voir avec la bipartition de la structure sociale enti\u00e8re. Toutes les fois qu\u2019Amina Fakhet monte sur sc\u00e8ne, elle","robots":{"index":"index","follow":"follow","max-snippet":"max-snippet:-1","max-image-preview":"max-image-preview:large","max-video-preview":"max-video-preview:-1"},"canonical":"https:\/\/realites.com.tn\/fr\/deux-visions-damina-fakhet\/","og_locale":"fr_FR","og_type":"article","og_title":"Deux visions d\u2019Amina Fakhet - R\u00e9alit\u00e9s Magazine","og_description":"Ces repr\u00e9sentations contraires ont \u00e0 voir avec la bipartition de la structure sociale enti\u00e8re. Toutes les fois qu\u2019Amina Fakhet monte sur sc\u00e8ne, elle","og_url":"https:\/\/realites.com.tn\/fr\/deux-visions-damina-fakhet\/","og_site_name":"R\u00e9alit\u00e9s Magazine","article_publisher":"https:\/\/www.facebook.com\/realites.tn\/","article_published_time":"2026-09-06T11:43:21+00:00","og_image":[{"width":800,"height":530,"url":"https:\/\/realites.com.tn\/fr\/wp-content\/uploads\/2018\/09\/khalil-zammiti.jpg","type":"image\/jpeg"}],"author":"Khalil Zamiti","twitter_card":"summary_large_image","twitter_misc":{"\u00c9crit par":"Khalil Zamiti","Dur\u00e9e de lecture estim\u00e9e":"4 minutes"},"schema":{"@context":"https:\/\/schema.org","@graph":[{"@type":"WebPage","@id":"https:\/\/realites.com.tn\/fr\/deux-visions-damina-fakhet\/","url":"https:\/\/realites.com.tn\/fr\/deux-visions-damina-fakhet\/","name":"Deux visions d\u2019Amina Fakhet - R\u00e9alit\u00e9s Magazine","isPartOf":{"@id":"https:\/\/realites.com.tn\/fr\/#website"},"primaryImageOfPage":{"@id":"https:\/\/realites.com.tn\/fr\/deux-visions-damina-fakhet\/#primaryimage"},"image":{"@id":"https:\/\/realites.com.tn\/fr\/deux-visions-damina-fakhet\/#primaryimage"},"thumbnailUrl":"https:\/\/realites.com.tn\/fr\/wp-content\/uploads\/2018\/09\/khalil-zammiti.jpg","datePublished":"2026-09-06T11:43:21+00:00","author":{"@id":"https:\/\/realites.com.tn\/fr\/#\/schema\/person\/4fb6804fca32b5c54579b436fc1dbb94"},"description":"Ces repr\u00e9sentations contraires ont \u00e0 voir avec la bipartition de la structure sociale enti\u00e8re. Toutes les fois qu\u2019Amina Fakhet monte sur sc\u00e8ne, elle","breadcrumb":{"@id":"https:\/\/realites.com.tn\/fr\/deux-visions-damina-fakhet\/#breadcrumb"},"inLanguage":"fr-FR","potentialAction":[{"@type":"ReadAction","target":["https:\/\/realites.com.tn\/fr\/deux-visions-damina-fakhet\/"]}]},{"@type":"ImageObject","inLanguage":"fr-FR","@id":"https:\/\/realites.com.tn\/fr\/deux-visions-damina-fakhet\/#primaryimage","url":"https:\/\/realites.com.tn\/fr\/wp-content\/uploads\/2018\/09\/khalil-zammiti.jpg","contentUrl":"https:\/\/realites.com.tn\/fr\/wp-content\/uploads\/2018\/09\/khalil-zammiti.jpg","width":800,"height":530},{"@type":"BreadcrumbList","@id":"https:\/\/realites.com.tn\/fr\/deux-visions-damina-fakhet\/#breadcrumb","itemListElement":[{"@type":"ListItem","position":1,"name":"Home","item":"https:\/\/realites.com.tn\/fr\/"},{"@type":"ListItem","position":2,"name":"Deux visions d\u2019Amina Fakhet"}]},{"@type":"WebSite","@id":"https:\/\/realites.com.tn\/fr\/#website","url":"https:\/\/realites.com.tn\/fr\/","name":"R\u00e9alit\u00e9s Magazine","description":"Actualit\u00e9s de la Tunisie","potentialAction":[{"@type":"SearchAction","target":{"@type":"EntryPoint","urlTemplate":"https:\/\/realites.com.tn\/fr\/?s={search_term_string}"},"query-input":{"@type":"PropertyValueSpecification","valueRequired":true,"valueName":"search_term_string"}}],"inLanguage":"fr-FR"},{"@type":"Person","@id":"https:\/\/realites.com.tn\/fr\/#\/schema\/person\/4fb6804fca32b5c54579b436fc1dbb94","name":"Khalil Zamiti","image":{"@type":"ImageObject","inLanguage":"fr-FR","@id":"https:\/\/realites.com.tn\/fr\/#\/schema\/person\/image\/","url":"https:\/\/secure.gravatar.com\/avatar\/736c92caee0f6c6c00fea8fc05cbca69?s=96&d=mm&r=g","contentUrl":"https:\/\/secure.gravatar.com\/avatar\/736c92caee0f6c6c00fea8fc05cbca69?s=96&d=mm&r=g","caption":"Khalil Zamiti"},"url":"https:\/\/realites.com.tn\/fr\/author\/khalil-zamiti\/"}]}},"jetpack_featured_media_url":"https:\/\/realites.com.tn\/fr\/wp-content\/uploads\/2018\/09\/khalil-zammiti.jpg","jetpack_sharing_enabled":true,"views":6,"_links":{"self":[{"href":"https:\/\/realites.com.tn\/fr\/wp-json\/wp\/v2\/posts\/395100","targetHints":{"allow":["GET"]}}],"collection":[{"href":"https:\/\/realites.com.tn\/fr\/wp-json\/wp\/v2\/posts"}],"about":[{"href":"https:\/\/realites.com.tn\/fr\/wp-json\/wp\/v2\/types\/post"}],"author":[{"embeddable":true,"href":"https:\/\/realites.com.tn\/fr\/wp-json\/wp\/v2\/users\/91"}],"replies":[{"embeddable":true,"href":"https:\/\/realites.com.tn\/fr\/wp-json\/wp\/v2\/comments?post=395100"}],"version-history":[{"count":1,"href":"https:\/\/realites.com.tn\/fr\/wp-json\/wp\/v2\/posts\/395100\/revisions"}],"predecessor-version":[{"id":395101,"href":"https:\/\/realites.com.tn\/fr\/wp-json\/wp\/v2\/posts\/395100\/revisions\/395101"}],"wp:featuredmedia":[{"embeddable":true,"href":"https:\/\/realites.com.tn\/fr\/wp-json\/wp\/v2\/media\/127920"}],"wp:attachment":[{"href":"https:\/\/realites.com.tn\/fr\/wp-json\/wp\/v2\/media?parent=395100"}],"wp:term":[{"taxonomy":"category","embeddable":true,"href":"https:\/\/realites.com.tn\/fr\/wp-json\/wp\/v2\/categories?post=395100"},{"taxonomy":"post_tag","embeddable":true,"href":"https:\/\/realites.com.tn\/fr\/wp-json\/wp\/v2\/tags?post=395100"}],"curies":[{"name":"wp","href":"https:\/\/api.w.org\/{rel}","templated":true}]}}