{"id":395115,"date":"2026-09-05T21:36:29","date_gmt":"2026-09-05T20:36:29","guid":{"rendered":"https:\/\/realites.com.tn\/fr\/?p=395115"},"modified":"2026-09-05T21:36:29","modified_gmt":"2026-09-05T20:36:29","slug":"mohamed-youssfi-opere-en-urgence-quelque-heures-apres-sa-mise-en-detention-le-snjt-reagit","status":"publish","type":"post","link":"https:\/\/realites.com.tn\/fr\/mohamed-youssfi-opere-en-urgence-quelque-heures-apres-sa-mise-en-detention-le-snjt-reagit\/","title":{"rendered":"Mohamed Youssfi op\u00e9r\u00e9 en urgence quelque heures apr\u00e8s sa mise en d\u00e9tention : le SNJT r\u00e9agit"},"content":{"rendered":"<p>Le journaliste Mohamed Youssfi, plac\u00e9 en d\u00e9tention dans le cadre d\u2019une enqu\u00eate judiciaire li\u00e9e \u00e0 l\u2019exercice de son activit\u00e9 journalistique, a \u00e9t\u00e9 victime, dans la soir\u00e9e du vendredi 4 septembre, d\u2019un malaise n\u00e9cessitant son transfert vers un \u00e9tablissement hospitalier de la capitale, a annonc\u00e9 le Syndicat national des journalistes tunisiens (SNJT).<\/p>\n<p>Selon le syndicat, le journaliste a subi une intervention chirurgicale en urgence pour une appendicite. Le SNJT se dit pr\u00e9occup\u00e9 par son \u00e9tat de sant\u00e9, alors que Mohamed Yousfi demeure priv\u00e9 de libert\u00e9 dans le cadre de cette proc\u00e9dure.<\/p>\n<p>Le syndicat souligne que son \u00e9tat de sant\u00e9, \u00e0 la suite de cette intervention, n\u00e9cessite une prise en charge m\u00e9dicale et un suivi adapt\u00e9s. Il estime que les autorit\u00e9s responsables de sa d\u00e9tention sont directement tenues de garantir sa s\u00e9curit\u00e9 et son int\u00e9grit\u00e9 physique.<\/p>\n<p>Pour le SNJT, cette \u00e9volution constitue \u00e9galement un motif suppl\u00e9mentaire et urgent pour proc\u00e9der \u00e0 la lib\u00e9ration de Mohamed Youssfi, afin qu\u2019il puisse poursuivre son traitement et sa convalescence dans des conditions appropri\u00e9es, tout en b\u00e9n\u00e9ficiant de l\u2019ensemble de ses droits et garanties l\u00e9gales.<\/p>\n<p>Le syndicat renouvelle ainsi sa demande de lib\u00e9ration imm\u00e9diate du journaliste et d\u2019arr\u00eat des poursuites li\u00e9es \u00e0 l\u2019exercice de son m\u00e9tier, estimant que l\u2019activit\u00e9 journalistique ne saurait, \u00e0 elle seule, justifier une privation de libert\u00e9.<\/p>\n<p>Le SNJT appelle les autorit\u00e9s comp\u00e9tentes \u00e0 garantir \u00e0 Mohamed Youssfi les soins m\u00e9dicaux n\u00e9cessaires, ainsi qu\u2019un suivi r\u00e9gulier de son \u00e9tat de sant\u00e9, et les tient pour responsables de sa s\u00e9curit\u00e9 et de son int\u00e9grit\u00e9 physique.<\/p>\n","protected":false},"excerpt":{"rendered":"<p>Le journaliste Mohamed Youssfi, plac\u00e9 en d\u00e9tention dans le cadre d\u2019une enqu\u00eate judiciaire li\u00e9e \u00e0 l\u2019exercice de son activit\u00e9 journalistique, a \u00e9t\u00e9 victime, dans la soir\u00e9e du vendredi 4 septembre,&hellip;<\/p>\n","protected":false},"author":145,"featured_media":395043,"comment_status":"open","ping_status":"closed","sticky":false,"template":"","format":"standard","meta":{"_lmt_disableupdate":"","_lmt_disable":"","_jetpack_memberships_contains_paid_content":false,"footnotes":""},"categories":[4,5],"tags":[3591,2412],"class_list":["post-395115","post","type-post","status-publish","format-standard","has-post-thumbnail","hentry","category-actualites","category-politique","tag-mohamed-youssfi","tag-snjt"],"yoast_head":"<!-- This site is optimized with the Yoast SEO plugin v26.3 - https:\/\/yoast.com\/wordpress\/plugins\/seo\/ -->\n<title>Mohamed Youssfi op\u00e9r\u00e9 en urgence quelque heures apr\u00e8s sa mise en d\u00e9tention : le SNJT r\u00e9agit - R\u00e9alit\u00e9s Magazine<\/title>\n<meta name=\"description\" content=\"Le journaliste Mohamed Youssfi, plac\u00e9 en d\u00e9tention dans le cadre d\u2019une enqu\u00eate judiciaire li\u00e9e \u00e0 l\u2019exercice de son activit\u00e9 journalistique, a \u00e9t\u00e9 victime,\" \/>\n<meta name=\"robots\" content=\"index, follow, max-snippet:-1, max-image-preview:large, max-video-preview:-1\" \/>\n<link rel=\"canonical\" href=\"https:\/\/realites.com.tn\/fr\/mohamed-youssfi-opere-en-urgence-quelque-heures-apres-sa-mise-en-detention-le-snjt-reagit\/\" \/>\n<meta property=\"og:locale\" content=\"fr_FR\" \/>\n<meta property=\"og:type\" content=\"article\" \/>\n<meta property=\"og:title\" content=\"Mohamed Youssfi op\u00e9r\u00e9 en urgence quelque heures apr\u00e8s sa mise en d\u00e9tention : le SNJT r\u00e9agit - R\u00e9alit\u00e9s Magazine\" \/>\n<meta property=\"og:description\" content=\"Le journaliste Mohamed Youssfi, plac\u00e9 en d\u00e9tention dans le cadre d\u2019une enqu\u00eate judiciaire li\u00e9e \u00e0 l\u2019exercice de son activit\u00e9 journalistique, a \u00e9t\u00e9 victime,\" \/>\n<meta property=\"og:url\" content=\"https:\/\/realites.com.tn\/fr\/mohamed-youssfi-opere-en-urgence-quelque-heures-apres-sa-mise-en-detention-le-snjt-reagit\/\" \/>\n<meta property=\"og:site_name\" content=\"R\u00e9alit\u00e9s Magazine\" \/>\n<meta property=\"article:publisher\" content=\"https:\/\/www.facebook.com\/realites.tn\/\" \/>\n<meta property=\"article:published_time\" content=\"2026-09-05T20:36:29+00:00\" \/>\n<meta property=\"og:image\" content=\"https:\/\/realites.com.tn\/fr\/wp-content\/uploads\/2026\/09\/mohamed-yousfi.jpg\" \/>\n\t<meta property=\"og:image:width\" content=\"555\" \/>\n\t<meta property=\"og:image:height\" content=\"553\" \/>\n\t<meta property=\"og:image:type\" content=\"image\/jpeg\" \/>\n<meta name=\"author\" content=\"M. A\" \/>\n<meta name=\"twitter:card\" content=\"summary_large_image\" \/>\n<meta name=\"twitter:label1\" content=\"\u00c9crit par\" \/>\n\t<meta name=\"twitter:data1\" content=\"M. A\" \/>\n\t<meta name=\"twitter:label2\" content=\"Dur\u00e9e de lecture estim\u00e9e\" \/>\n\t<meta name=\"twitter:data2\" content=\"2 minutes\" \/>\n<script type=\"application\/ld+json\" class=\"yoast-schema-graph\">{\"@context\":\"https:\/\/schema.org\",\"@graph\":[{\"@type\":\"WebPage\",\"@id\":\"https:\/\/realites.com.tn\/fr\/mohamed-youssfi-opere-en-urgence-quelque-heures-apres-sa-mise-en-detention-le-snjt-reagit\/\",\"url\":\"https:\/\/realites.com.tn\/fr\/mohamed-youssfi-opere-en-urgence-quelque-heures-apres-sa-mise-en-detention-le-snjt-reagit\/\",\"name\":\"Mohamed Youssfi op\u00e9r\u00e9 en urgence quelque heures apr\u00e8s sa mise en d\u00e9tention : le SNJT r\u00e9agit - R\u00e9alit\u00e9s Magazine\",\"isPartOf\":{\"@id\":\"https:\/\/realites.com.tn\/fr\/#website\"},\"primaryImageOfPage\":{\"@id\":\"https:\/\/realites.com.tn\/fr\/mohamed-youssfi-opere-en-urgence-quelque-heures-apres-sa-mise-en-detention-le-snjt-reagit\/#primaryimage\"},\"image\":{\"@id\":\"https:\/\/realites.com.tn\/fr\/mohamed-youssfi-opere-en-urgence-quelque-heures-apres-sa-mise-en-detention-le-snjt-reagit\/#primaryimage\"},\"thumbnailUrl\":\"https:\/\/realites.com.tn\/fr\/wp-content\/uploads\/2026\/09\/mohamed-yousfi.jpg\",\"datePublished\":\"2026-09-05T20:36:29+00:00\",\"author\":{\"@id\":\"https:\/\/realites.com.tn\/fr\/#\/schema\/person\/515fe3e54fbbc075df64dd746b52c530\"},\"description\":\"Le journaliste Mohamed Youssfi, plac\u00e9 en d\u00e9tention dans le cadre d\u2019une enqu\u00eate judiciaire li\u00e9e \u00e0 l\u2019exercice de son activit\u00e9 journalistique, a \u00e9t\u00e9 victime,\",\"breadcrumb\":{\"@id\":\"https:\/\/realites.com.tn\/fr\/mohamed-youssfi-opere-en-urgence-quelque-heures-apres-sa-mise-en-detention-le-snjt-reagit\/#breadcrumb\"},\"inLanguage\":\"fr-FR\",\"potentialAction\":[{\"@type\":\"ReadAction\",\"target\":[\"https:\/\/realites.com.tn\/fr\/mohamed-youssfi-opere-en-urgence-quelque-heures-apres-sa-mise-en-detention-le-snjt-reagit\/\"]}]},{\"@type\":\"ImageObject\",\"inLanguage\":\"fr-FR\",\"@id\":\"https:\/\/realites.com.tn\/fr\/mohamed-youssfi-opere-en-urgence-quelque-heures-apres-sa-mise-en-detention-le-snjt-reagit\/#primaryimage\",\"url\":\"https:\/\/realites.com.tn\/fr\/wp-content\/uploads\/2026\/09\/mohamed-yousfi.jpg\",\"contentUrl\":\"https:\/\/realites.com.tn\/fr\/wp-content\/uploads\/2026\/09\/mohamed-yousfi.jpg\",\"width\":555,\"height\":553},{\"@type\":\"BreadcrumbList\",\"@id\":\"https:\/\/realites.com.tn\/fr\/mohamed-youssfi-opere-en-urgence-quelque-heures-apres-sa-mise-en-detention-le-snjt-reagit\/#breadcrumb\",\"itemListElement\":[{\"@type\":\"ListItem\",\"position\":1,\"name\":\"Home\",\"item\":\"https:\/\/realites.com.tn\/fr\/\"},{\"@type\":\"ListItem\",\"position\":2,\"name\":\"Mohamed Youssfi op\u00e9r\u00e9 en urgence quelque heures apr\u00e8s sa mise en d\u00e9tention : le SNJT r\u00e9agit\"}]},{\"@type\":\"WebSite\",\"@id\":\"https:\/\/realites.com.tn\/fr\/#website\",\"url\":\"https:\/\/realites.com.tn\/fr\/\",\"name\":\"R\u00e9alit\u00e9s Magazine\",\"description\":\"Actualit\u00e9s de la Tunisie\",\"potentialAction\":[{\"@type\":\"SearchAction\",\"target\":{\"@type\":\"EntryPoint\",\"urlTemplate\":\"https:\/\/realites.com.tn\/fr\/?s={search_term_string}\"},\"query-input\":{\"@type\":\"PropertyValueSpecification\",\"valueRequired\":true,\"valueName\":\"search_term_string\"}}],\"inLanguage\":\"fr-FR\"},{\"@type\":\"Person\",\"@id\":\"https:\/\/realites.com.tn\/fr\/#\/schema\/person\/515fe3e54fbbc075df64dd746b52c530\",\"name\":\"M. A\",\"image\":{\"@type\":\"ImageObject\",\"inLanguage\":\"fr-FR\",\"@id\":\"https:\/\/realites.com.tn\/fr\/#\/schema\/person\/image\/\",\"url\":\"https:\/\/secure.gravatar.com\/avatar\/6cb0d0a36abd98854e1d819008d7569a?s=96&d=mm&r=g\",\"contentUrl\":\"https:\/\/secure.gravatar.com\/avatar\/6cb0d0a36abd98854e1d819008d7569a?s=96&d=mm&r=g\",\"caption\":\"M. A\"},\"url\":\"https:\/\/realites.com.tn\/fr\/author\/ma2025\/\"}]}<\/script>\n<!-- \/ Yoast SEO plugin. -->","yoast_head_json":{"title":"Mohamed Youssfi op\u00e9r\u00e9 en urgence quelque heures apr\u00e8s sa mise en d\u00e9tention : le SNJT r\u00e9agit - R\u00e9alit\u00e9s Magazine","description":"Le journaliste Mohamed Youssfi, plac\u00e9 en d\u00e9tention dans le cadre d\u2019une enqu\u00eate judiciaire li\u00e9e \u00e0 l\u2019exercice de son activit\u00e9 journalistique, a \u00e9t\u00e9 victime,","robots":{"index":"index","follow":"follow","max-snippet":"max-snippet:-1","max-image-preview":"max-image-preview:large","max-video-preview":"max-video-preview:-1"},"canonical":"https:\/\/realites.com.tn\/fr\/mohamed-youssfi-opere-en-urgence-quelque-heures-apres-sa-mise-en-detention-le-snjt-reagit\/","og_locale":"fr_FR","og_type":"article","og_title":"Mohamed Youssfi op\u00e9r\u00e9 en urgence quelque heures apr\u00e8s sa mise en d\u00e9tention : le SNJT r\u00e9agit - R\u00e9alit\u00e9s Magazine","og_description":"Le journaliste Mohamed Youssfi, plac\u00e9 en d\u00e9tention dans le cadre d\u2019une enqu\u00eate judiciaire li\u00e9e \u00e0 l\u2019exercice de son activit\u00e9 journalistique, a \u00e9t\u00e9 victime,","og_url":"https:\/\/realites.com.tn\/fr\/mohamed-youssfi-opere-en-urgence-quelque-heures-apres-sa-mise-en-detention-le-snjt-reagit\/","og_site_name":"R\u00e9alit\u00e9s Magazine","article_publisher":"https:\/\/www.facebook.com\/realites.tn\/","article_published_time":"2026-09-05T20:36:29+00:00","og_image":[{"width":555,"height":553,"url":"https:\/\/realites.com.tn\/fr\/wp-content\/uploads\/2026\/09\/mohamed-yousfi.jpg","type":"image\/jpeg"}],"author":"M. A","twitter_card":"summary_large_image","twitter_misc":{"\u00c9crit par":"M. A","Dur\u00e9e de lecture estim\u00e9e":"2 minutes"},"schema":{"@context":"https:\/\/schema.org","@graph":[{"@type":"WebPage","@id":"https:\/\/realites.com.tn\/fr\/mohamed-youssfi-opere-en-urgence-quelque-heures-apres-sa-mise-en-detention-le-snjt-reagit\/","url":"https:\/\/realites.com.tn\/fr\/mohamed-youssfi-opere-en-urgence-quelque-heures-apres-sa-mise-en-detention-le-snjt-reagit\/","name":"Mohamed Youssfi op\u00e9r\u00e9 en urgence quelque heures apr\u00e8s sa mise en d\u00e9tention : le SNJT r\u00e9agit - R\u00e9alit\u00e9s Magazine","isPartOf":{"@id":"https:\/\/realites.com.tn\/fr\/#website"},"primaryImageOfPage":{"@id":"https:\/\/realites.com.tn\/fr\/mohamed-youssfi-opere-en-urgence-quelque-heures-apres-sa-mise-en-detention-le-snjt-reagit\/#primaryimage"},"image":{"@id":"https:\/\/realites.com.tn\/fr\/mohamed-youssfi-opere-en-urgence-quelque-heures-apres-sa-mise-en-detention-le-snjt-reagit\/#primaryimage"},"thumbnailUrl":"https:\/\/realites.com.tn\/fr\/wp-content\/uploads\/2026\/09\/mohamed-yousfi.jpg","datePublished":"2026-09-05T20:36:29+00:00","author":{"@id":"https:\/\/realites.com.tn\/fr\/#\/schema\/person\/515fe3e54fbbc075df64dd746b52c530"},"description":"Le journaliste Mohamed Youssfi, plac\u00e9 en d\u00e9tention dans le cadre d\u2019une enqu\u00eate judiciaire li\u00e9e \u00e0 l\u2019exercice de son activit\u00e9 journalistique, a \u00e9t\u00e9 victime,","breadcrumb":{"@id":"https:\/\/realites.com.tn\/fr\/mohamed-youssfi-opere-en-urgence-quelque-heures-apres-sa-mise-en-detention-le-snjt-reagit\/#breadcrumb"},"inLanguage":"fr-FR","potentialAction":[{"@type":"ReadAction","target":["https:\/\/realites.com.tn\/fr\/mohamed-youssfi-opere-en-urgence-quelque-heures-apres-sa-mise-en-detention-le-snjt-reagit\/"]}]},{"@type":"ImageObject","inLanguage":"fr-FR","@id":"https:\/\/realites.com.tn\/fr\/mohamed-youssfi-opere-en-urgence-quelque-heures-apres-sa-mise-en-detention-le-snjt-reagit\/#primaryimage","url":"https:\/\/realites.com.tn\/fr\/wp-content\/uploads\/2026\/09\/mohamed-yousfi.jpg","contentUrl":"https:\/\/realites.com.tn\/fr\/wp-content\/uploads\/2026\/09\/mohamed-yousfi.jpg","width":555,"height":553},{"@type":"BreadcrumbList","@id":"https:\/\/realites.com.tn\/fr\/mohamed-youssfi-opere-en-urgence-quelque-heures-apres-sa-mise-en-detention-le-snjt-reagit\/#breadcrumb","itemListElement":[{"@type":"ListItem","position":1,"name":"Home","item":"https:\/\/realites.com.tn\/fr\/"},{"@type":"ListItem","position":2,"name":"Mohamed Youssfi op\u00e9r\u00e9 en urgence quelque heures apr\u00e8s sa mise en d\u00e9tention : le SNJT r\u00e9agit"}]},{"@type":"WebSite","@id":"https:\/\/realites.com.tn\/fr\/#website","url":"https:\/\/realites.com.tn\/fr\/","name":"R\u00e9alit\u00e9s Magazine","description":"Actualit\u00e9s de la Tunisie","potentialAction":[{"@type":"SearchAction","target":{"@type":"EntryPoint","urlTemplate":"https:\/\/realites.com.tn\/fr\/?s={search_term_string}"},"query-input":{"@type":"PropertyValueSpecification","valueRequired":true,"valueName":"search_term_string"}}],"inLanguage":"fr-FR"},{"@type":"Person","@id":"https:\/\/realites.com.tn\/fr\/#\/schema\/person\/515fe3e54fbbc075df64dd746b52c530","name":"M. A","image":{"@type":"ImageObject","inLanguage":"fr-FR","@id":"https:\/\/realites.com.tn\/fr\/#\/schema\/person\/image\/","url":"https:\/\/secure.gravatar.com\/avatar\/6cb0d0a36abd98854e1d819008d7569a?s=96&d=mm&r=g","contentUrl":"https:\/\/secure.gravatar.com\/avatar\/6cb0d0a36abd98854e1d819008d7569a?s=96&d=mm&r=g","caption":"M. A"},"url":"https:\/\/realites.com.tn\/fr\/author\/ma2025\/"}]}},"jetpack_featured_media_url":"https:\/\/realites.com.tn\/fr\/wp-content\/uploads\/2026\/09\/mohamed-yousfi.jpg","jetpack_sharing_enabled":true,"views":70,"_links":{"self":[{"href":"https:\/\/realites.com.tn\/fr\/wp-json\/wp\/v2\/posts\/395115","targetHints":{"allow":["GET"]}}],"collection":[{"href":"https:\/\/realites.com.tn\/fr\/wp-json\/wp\/v2\/posts"}],"about":[{"href":"https:\/\/realites.com.tn\/fr\/wp-json\/wp\/v2\/types\/post"}],"author":[{"embeddable":true,"href":"https:\/\/realites.com.tn\/fr\/wp-json\/wp\/v2\/users\/145"}],"replies":[{"embeddable":true,"href":"https:\/\/realites.com.tn\/fr\/wp-json\/wp\/v2\/comments?post=395115"}],"version-history":[{"count":1,"href":"https:\/\/realites.com.tn\/fr\/wp-json\/wp\/v2\/posts\/395115\/revisions"}],"predecessor-version":[{"id":395117,"href":"https:\/\/realites.com.tn\/fr\/wp-json\/wp\/v2\/posts\/395115\/revisions\/395117"}],"wp:featuredmedia":[{"embeddable":true,"href":"https:\/\/realites.com.tn\/fr\/wp-json\/wp\/v2\/media\/395043"}],"wp:attachment":[{"href":"https:\/\/realites.com.tn\/fr\/wp-json\/wp\/v2\/media?parent=395115"}],"wp:term":[{"taxonomy":"category","embeddable":true,"href":"https:\/\/realites.com.tn\/fr\/wp-json\/wp\/v2\/categories?post=395115"},{"taxonomy":"post_tag","embeddable":true,"href":"https:\/\/realites.com.tn\/fr\/wp-json\/wp\/v2\/tags?post=395115"}],"curies":[{"name":"wp","href":"https:\/\/api.w.org\/{rel}","templated":true}]}}