{"id":395142,"date":"2026-09-06T08:54:55","date_gmt":"2026-09-06T07:54:55","guid":{"rendered":"https:\/\/realites.com.tn\/fr\/?p=395142"},"modified":"2026-09-06T08:54:55","modified_gmt":"2026-09-06T07:54:55","slug":"el-bayadh-le-petit-garcon-tombe-dans-un-puits-de-80-metres-na-pas-survecu","status":"publish","type":"post","link":"https:\/\/realites.com.tn\/fr\/el-bayadh-le-petit-garcon-tombe-dans-un-puits-de-80-metres-na-pas-survecu\/","title":{"rendered":"El Bayadh : le petit gar\u00e7on tomb\u00e9 dans un puits de 80 m\u00e8tres n&rsquo;a pas surv\u00e9cu"},"content":{"rendered":"<p dir=\"ltr\">La crainte que nourrissait tout le pays depuis quatre jours s&rsquo;est malheureusement confirm\u00e9e. Apr\u00e8s une course contre la montre marqu\u00e9e par une mobilisation exceptionnelle, le corps sans vie d&rsquo;un gar\u00e7on de dix ans, tomb\u00e9 au fond d&rsquo;un puits art\u00e9sien dans la wilaya d&rsquo;El Bayadh \u2014 \u00e0 environ 550 kilom\u00e8tres au sud-ouest d&rsquo;Alger \u2014 a \u00e9t\u00e9 retir\u00e9 par les \u00e9quipes de la Protection civile.<\/p>\n<p dir=\"ltr\">D\u00e8s les premi\u00e8res heures, l&rsquo;accident s&rsquo;est impos\u00e9 comme un v\u00e9ritable d\u00e9fi technique pour les secouristes. Avec un diam\u00e8tre d&rsquo;\u00e0 peine 40 centim\u00e8tres et une profondeur de 80 m\u00e8tres, le puits interdisait toute descente humaine directe, transformant chaque tentative d&rsquo;intervention en op\u00e9ration \u00e0 haut risque.<\/p>\n<p dir=\"ltr\">Face \u00e0 cette configuration extr\u00eamement contraignante, d&rsquo;importants moyens mat\u00e9riels et humains ont \u00e9t\u00e9 d\u00e9ploy\u00e9s sur place. Des pelleteuses et engins de terrassement lourds ont travaill\u00e9 sans rel\u00e2che, jour et nuit, afin de creuser une galerie parall\u00e8le destin\u00e9e \u00e0 ouvrir une br\u00e8che horizontale vers l&rsquo;endroit pr\u00e9cis o\u00f9 se trouvait l&rsquo;enfant.<\/p>\n<p dir=\"ltr\">Mais l&rsquo;instabilit\u00e9 du terrain rocheux et la complexit\u00e9 de la configuration ont consid\u00e9rablement ralenti les op\u00e9rations. Malgr\u00e9 l&rsquo;acharnement des \u00e9quipes de secours, \u00e9paul\u00e9es par des volontaires venus de toute la r\u00e9gion, le temps a fini par avoir raison des efforts d\u00e9ploy\u00e9s. Le corps de l&rsquo;enfant a finalement \u00e9t\u00e9 extrait, plongeant sa famille et l&rsquo;ensemble de la communaut\u00e9 locale dans une douleur immense.<\/p>\n<p dir=\"ltr\">Cet accident relance une nouvelle fois le d\u00e9bat r\u00e9current en Alg\u00e9rie sur la s\u00e9curisation des puits et forages agricoles, souvent creus\u00e9s sans respect des normes techniques, et qui repr\u00e9sentent un danger persistant pour les populations rurales, notamment pour les enfants.<\/p>\n","protected":false},"excerpt":{"rendered":"<p>La crainte que nourrissait tout le pays depuis quatre jours s&rsquo;est malheureusement confirm\u00e9e. Apr\u00e8s une course contre la montre marqu\u00e9e par une mobilisation exceptionnelle, le corps sans vie d&rsquo;un gar\u00e7on&hellip;<\/p>\n","protected":false},"author":144,"featured_media":395143,"comment_status":"open","ping_status":"closed","sticky":false,"template":"","format":"standard","meta":{"_lmt_disableupdate":"","_lmt_disable":"","_jetpack_memberships_contains_paid_content":false,"footnotes":""},"categories":[7],"tags":[1324,11700,3786,3736],"class_list":["post-395142","post","type-post","status-publish","format-standard","has-post-thumbnail","hentry","category-monde","tag-algerie","tag-garcon","tag-puits","tag-realites-online"],"yoast_head":"<!-- This site is optimized with the Yoast SEO plugin v26.3 - https:\/\/yoast.com\/wordpress\/plugins\/seo\/ -->\n<title>El Bayadh : le petit gar\u00e7on tomb\u00e9 dans un puits de 80 m\u00e8tres n&#039;a pas surv\u00e9cu - R\u00e9alit\u00e9s Magazine<\/title>\n<meta name=\"description\" content=\"La crainte que nourrissait tout le pays depuis quatre jours s&#039;est malheureusement confirm\u00e9e. Apr\u00e8s une course contre la montre marqu\u00e9e par une\" \/>\n<meta name=\"robots\" content=\"index, follow, max-snippet:-1, max-image-preview:large, max-video-preview:-1\" \/>\n<link rel=\"canonical\" href=\"https:\/\/realites.com.tn\/fr\/el-bayadh-le-petit-garcon-tombe-dans-un-puits-de-80-metres-na-pas-survecu\/\" \/>\n<meta property=\"og:locale\" content=\"fr_FR\" \/>\n<meta property=\"og:type\" content=\"article\" \/>\n<meta property=\"og:title\" content=\"El Bayadh : le petit gar\u00e7on tomb\u00e9 dans un puits de 80 m\u00e8tres n&#039;a pas surv\u00e9cu - R\u00e9alit\u00e9s Magazine\" \/>\n<meta property=\"og:description\" content=\"La crainte que nourrissait tout le pays depuis quatre jours s&#039;est malheureusement confirm\u00e9e. Apr\u00e8s une course contre la montre marqu\u00e9e par une\" \/>\n<meta property=\"og:url\" content=\"https:\/\/realites.com.tn\/fr\/el-bayadh-le-petit-garcon-tombe-dans-un-puits-de-80-metres-na-pas-survecu\/\" \/>\n<meta property=\"og:site_name\" content=\"R\u00e9alit\u00e9s Magazine\" \/>\n<meta property=\"article:publisher\" content=\"https:\/\/www.facebook.com\/realites.tn\/\" \/>\n<meta property=\"article:published_time\" content=\"2026-09-06T07:54:55+00:00\" \/>\n<meta property=\"og:image\" content=\"https:\/\/realites.com.tn\/fr\/wp-content\/uploads\/2026\/09\/puits.jpg\" \/>\n\t<meta property=\"og:image:width\" content=\"695\" \/>\n\t<meta property=\"og:image:height\" content=\"441\" \/>\n\t<meta property=\"og:image:type\" content=\"image\/jpeg\" \/>\n<meta name=\"author\" content=\"WKB\" \/>\n<meta name=\"twitter:card\" content=\"summary_large_image\" \/>\n<meta name=\"twitter:label1\" content=\"\u00c9crit par\" \/>\n\t<meta name=\"twitter:data1\" content=\"WKB\" \/>\n\t<meta name=\"twitter:label2\" content=\"Dur\u00e9e de lecture estim\u00e9e\" \/>\n\t<meta name=\"twitter:data2\" content=\"2 minutes\" \/>\n<script type=\"application\/ld+json\" class=\"yoast-schema-graph\">{\"@context\":\"https:\/\/schema.org\",\"@graph\":[{\"@type\":\"WebPage\",\"@id\":\"https:\/\/realites.com.tn\/fr\/el-bayadh-le-petit-garcon-tombe-dans-un-puits-de-80-metres-na-pas-survecu\/\",\"url\":\"https:\/\/realites.com.tn\/fr\/el-bayadh-le-petit-garcon-tombe-dans-un-puits-de-80-metres-na-pas-survecu\/\",\"name\":\"El Bayadh : le petit gar\u00e7on tomb\u00e9 dans un puits de 80 m\u00e8tres n'a pas surv\u00e9cu - R\u00e9alit\u00e9s Magazine\",\"isPartOf\":{\"@id\":\"https:\/\/realites.com.tn\/fr\/#website\"},\"primaryImageOfPage\":{\"@id\":\"https:\/\/realites.com.tn\/fr\/el-bayadh-le-petit-garcon-tombe-dans-un-puits-de-80-metres-na-pas-survecu\/#primaryimage\"},\"image\":{\"@id\":\"https:\/\/realites.com.tn\/fr\/el-bayadh-le-petit-garcon-tombe-dans-un-puits-de-80-metres-na-pas-survecu\/#primaryimage\"},\"thumbnailUrl\":\"https:\/\/realites.com.tn\/fr\/wp-content\/uploads\/2026\/09\/puits.jpg\",\"datePublished\":\"2026-09-06T07:54:55+00:00\",\"author\":{\"@id\":\"https:\/\/realites.com.tn\/fr\/#\/schema\/person\/3017fbbf260e8228acd3e8ebf0cdd37f\"},\"description\":\"La crainte que nourrissait tout le pays depuis quatre jours s'est malheureusement confirm\u00e9e. Apr\u00e8s une course contre la montre marqu\u00e9e par une\",\"breadcrumb\":{\"@id\":\"https:\/\/realites.com.tn\/fr\/el-bayadh-le-petit-garcon-tombe-dans-un-puits-de-80-metres-na-pas-survecu\/#breadcrumb\"},\"inLanguage\":\"fr-FR\",\"potentialAction\":[{\"@type\":\"ReadAction\",\"target\":[\"https:\/\/realites.com.tn\/fr\/el-bayadh-le-petit-garcon-tombe-dans-un-puits-de-80-metres-na-pas-survecu\/\"]}]},{\"@type\":\"ImageObject\",\"inLanguage\":\"fr-FR\",\"@id\":\"https:\/\/realites.com.tn\/fr\/el-bayadh-le-petit-garcon-tombe-dans-un-puits-de-80-metres-na-pas-survecu\/#primaryimage\",\"url\":\"https:\/\/realites.com.tn\/fr\/wp-content\/uploads\/2026\/09\/puits.jpg\",\"contentUrl\":\"https:\/\/realites.com.tn\/fr\/wp-content\/uploads\/2026\/09\/puits.jpg\",\"width\":695,\"height\":441},{\"@type\":\"BreadcrumbList\",\"@id\":\"https:\/\/realites.com.tn\/fr\/el-bayadh-le-petit-garcon-tombe-dans-un-puits-de-80-metres-na-pas-survecu\/#breadcrumb\",\"itemListElement\":[{\"@type\":\"ListItem\",\"position\":1,\"name\":\"Home\",\"item\":\"https:\/\/realites.com.tn\/fr\/\"},{\"@type\":\"ListItem\",\"position\":2,\"name\":\"El Bayadh : le petit gar\u00e7on tomb\u00e9 dans un puits de 80 m\u00e8tres n&rsquo;a pas surv\u00e9cu\"}]},{\"@type\":\"WebSite\",\"@id\":\"https:\/\/realites.com.tn\/fr\/#website\",\"url\":\"https:\/\/realites.com.tn\/fr\/\",\"name\":\"R\u00e9alit\u00e9s Magazine\",\"description\":\"Actualit\u00e9s de la Tunisie\",\"potentialAction\":[{\"@type\":\"SearchAction\",\"target\":{\"@type\":\"EntryPoint\",\"urlTemplate\":\"https:\/\/realites.com.tn\/fr\/?s={search_term_string}\"},\"query-input\":{\"@type\":\"PropertyValueSpecification\",\"valueRequired\":true,\"valueName\":\"search_term_string\"}}],\"inLanguage\":\"fr-FR\"},{\"@type\":\"Person\",\"@id\":\"https:\/\/realites.com.tn\/fr\/#\/schema\/person\/3017fbbf260e8228acd3e8ebf0cdd37f\",\"name\":\"WKB\",\"image\":{\"@type\":\"ImageObject\",\"inLanguage\":\"fr-FR\",\"@id\":\"https:\/\/realites.com.tn\/fr\/#\/schema\/person\/image\/\",\"url\":\"https:\/\/secure.gravatar.com\/avatar\/90f27863f4f5326a9b64d42421f4a20f?s=96&d=mm&r=g\",\"contentUrl\":\"https:\/\/secure.gravatar.com\/avatar\/90f27863f4f5326a9b64d42421f4a20f?s=96&d=mm&r=g\",\"caption\":\"WKB\"},\"url\":\"https:\/\/realites.com.tn\/fr\/author\/wkb2025\/\"}]}<\/script>\n<!-- \/ Yoast SEO plugin. -->","yoast_head_json":{"title":"El Bayadh : le petit gar\u00e7on tomb\u00e9 dans un puits de 80 m\u00e8tres n'a pas surv\u00e9cu - R\u00e9alit\u00e9s Magazine","description":"La crainte que nourrissait tout le pays depuis quatre jours s'est malheureusement confirm\u00e9e. Apr\u00e8s une course contre la montre marqu\u00e9e par une","robots":{"index":"index","follow":"follow","max-snippet":"max-snippet:-1","max-image-preview":"max-image-preview:large","max-video-preview":"max-video-preview:-1"},"canonical":"https:\/\/realites.com.tn\/fr\/el-bayadh-le-petit-garcon-tombe-dans-un-puits-de-80-metres-na-pas-survecu\/","og_locale":"fr_FR","og_type":"article","og_title":"El Bayadh : le petit gar\u00e7on tomb\u00e9 dans un puits de 80 m\u00e8tres n'a pas surv\u00e9cu - R\u00e9alit\u00e9s Magazine","og_description":"La crainte que nourrissait tout le pays depuis quatre jours s'est malheureusement confirm\u00e9e. Apr\u00e8s une course contre la montre marqu\u00e9e par une","og_url":"https:\/\/realites.com.tn\/fr\/el-bayadh-le-petit-garcon-tombe-dans-un-puits-de-80-metres-na-pas-survecu\/","og_site_name":"R\u00e9alit\u00e9s Magazine","article_publisher":"https:\/\/www.facebook.com\/realites.tn\/","article_published_time":"2026-09-06T07:54:55+00:00","og_image":[{"width":695,"height":441,"url":"https:\/\/realites.com.tn\/fr\/wp-content\/uploads\/2026\/09\/puits.jpg","type":"image\/jpeg"}],"author":"WKB","twitter_card":"summary_large_image","twitter_misc":{"\u00c9crit par":"WKB","Dur\u00e9e de lecture estim\u00e9e":"2 minutes"},"schema":{"@context":"https:\/\/schema.org","@graph":[{"@type":"WebPage","@id":"https:\/\/realites.com.tn\/fr\/el-bayadh-le-petit-garcon-tombe-dans-un-puits-de-80-metres-na-pas-survecu\/","url":"https:\/\/realites.com.tn\/fr\/el-bayadh-le-petit-garcon-tombe-dans-un-puits-de-80-metres-na-pas-survecu\/","name":"El Bayadh : le petit gar\u00e7on tomb\u00e9 dans un puits de 80 m\u00e8tres n'a pas surv\u00e9cu - R\u00e9alit\u00e9s Magazine","isPartOf":{"@id":"https:\/\/realites.com.tn\/fr\/#website"},"primaryImageOfPage":{"@id":"https:\/\/realites.com.tn\/fr\/el-bayadh-le-petit-garcon-tombe-dans-un-puits-de-80-metres-na-pas-survecu\/#primaryimage"},"image":{"@id":"https:\/\/realites.com.tn\/fr\/el-bayadh-le-petit-garcon-tombe-dans-un-puits-de-80-metres-na-pas-survecu\/#primaryimage"},"thumbnailUrl":"https:\/\/realites.com.tn\/fr\/wp-content\/uploads\/2026\/09\/puits.jpg","datePublished":"2026-09-06T07:54:55+00:00","author":{"@id":"https:\/\/realites.com.tn\/fr\/#\/schema\/person\/3017fbbf260e8228acd3e8ebf0cdd37f"},"description":"La crainte que nourrissait tout le pays depuis quatre jours s'est malheureusement confirm\u00e9e. Apr\u00e8s une course contre la montre marqu\u00e9e par une","breadcrumb":{"@id":"https:\/\/realites.com.tn\/fr\/el-bayadh-le-petit-garcon-tombe-dans-un-puits-de-80-metres-na-pas-survecu\/#breadcrumb"},"inLanguage":"fr-FR","potentialAction":[{"@type":"ReadAction","target":["https:\/\/realites.com.tn\/fr\/el-bayadh-le-petit-garcon-tombe-dans-un-puits-de-80-metres-na-pas-survecu\/"]}]},{"@type":"ImageObject","inLanguage":"fr-FR","@id":"https:\/\/realites.com.tn\/fr\/el-bayadh-le-petit-garcon-tombe-dans-un-puits-de-80-metres-na-pas-survecu\/#primaryimage","url":"https:\/\/realites.com.tn\/fr\/wp-content\/uploads\/2026\/09\/puits.jpg","contentUrl":"https:\/\/realites.com.tn\/fr\/wp-content\/uploads\/2026\/09\/puits.jpg","width":695,"height":441},{"@type":"BreadcrumbList","@id":"https:\/\/realites.com.tn\/fr\/el-bayadh-le-petit-garcon-tombe-dans-un-puits-de-80-metres-na-pas-survecu\/#breadcrumb","itemListElement":[{"@type":"ListItem","position":1,"name":"Home","item":"https:\/\/realites.com.tn\/fr\/"},{"@type":"ListItem","position":2,"name":"El Bayadh : le petit gar\u00e7on tomb\u00e9 dans un puits de 80 m\u00e8tres n&rsquo;a pas surv\u00e9cu"}]},{"@type":"WebSite","@id":"https:\/\/realites.com.tn\/fr\/#website","url":"https:\/\/realites.com.tn\/fr\/","name":"R\u00e9alit\u00e9s Magazine","description":"Actualit\u00e9s de la Tunisie","potentialAction":[{"@type":"SearchAction","target":{"@type":"EntryPoint","urlTemplate":"https:\/\/realites.com.tn\/fr\/?s={search_term_string}"},"query-input":{"@type":"PropertyValueSpecification","valueRequired":true,"valueName":"search_term_string"}}],"inLanguage":"fr-FR"},{"@type":"Person","@id":"https:\/\/realites.com.tn\/fr\/#\/schema\/person\/3017fbbf260e8228acd3e8ebf0cdd37f","name":"WKB","image":{"@type":"ImageObject","inLanguage":"fr-FR","@id":"https:\/\/realites.com.tn\/fr\/#\/schema\/person\/image\/","url":"https:\/\/secure.gravatar.com\/avatar\/90f27863f4f5326a9b64d42421f4a20f?s=96&d=mm&r=g","contentUrl":"https:\/\/secure.gravatar.com\/avatar\/90f27863f4f5326a9b64d42421f4a20f?s=96&d=mm&r=g","caption":"WKB"},"url":"https:\/\/realites.com.tn\/fr\/author\/wkb2025\/"}]}},"jetpack_featured_media_url":"https:\/\/realites.com.tn\/fr\/wp-content\/uploads\/2026\/09\/puits.jpg","jetpack_sharing_enabled":true,"views":8,"_links":{"self":[{"href":"https:\/\/realites.com.tn\/fr\/wp-json\/wp\/v2\/posts\/395142","targetHints":{"allow":["GET"]}}],"collection":[{"href":"https:\/\/realites.com.tn\/fr\/wp-json\/wp\/v2\/posts"}],"about":[{"href":"https:\/\/realites.com.tn\/fr\/wp-json\/wp\/v2\/types\/post"}],"author":[{"embeddable":true,"href":"https:\/\/realites.com.tn\/fr\/wp-json\/wp\/v2\/users\/144"}],"replies":[{"embeddable":true,"href":"https:\/\/realites.com.tn\/fr\/wp-json\/wp\/v2\/comments?post=395142"}],"version-history":[{"count":1,"href":"https:\/\/realites.com.tn\/fr\/wp-json\/wp\/v2\/posts\/395142\/revisions"}],"predecessor-version":[{"id":395144,"href":"https:\/\/realites.com.tn\/fr\/wp-json\/wp\/v2\/posts\/395142\/revisions\/395144"}],"wp:featuredmedia":[{"embeddable":true,"href":"https:\/\/realites.com.tn\/fr\/wp-json\/wp\/v2\/media\/395143"}],"wp:attachment":[{"href":"https:\/\/realites.com.tn\/fr\/wp-json\/wp\/v2\/media?parent=395142"}],"wp:term":[{"taxonomy":"category","embeddable":true,"href":"https:\/\/realites.com.tn\/fr\/wp-json\/wp\/v2\/categories?post=395142"},{"taxonomy":"post_tag","embeddable":true,"href":"https:\/\/realites.com.tn\/fr\/wp-json\/wp\/v2\/tags?post=395142"}],"curies":[{"name":"wp","href":"https:\/\/api.w.org\/{rel}","templated":true}]}}