{"id":395145,"date":"2026-09-06T11:19:42","date_gmt":"2026-09-06T10:19:42","guid":{"rendered":"https:\/\/realites.com.tn\/fr\/?p=395145"},"modified":"2026-09-06T11:19:42","modified_gmt":"2026-09-06T10:19:42","slug":"la-tunisie-prend-les-renes-de-la-ligue-arabe-pour-les-six-prochains-mois","status":"publish","type":"post","link":"https:\/\/realites.com.tn\/fr\/la-tunisie-prend-les-renes-de-la-ligue-arabe-pour-les-six-prochains-mois\/","title":{"rendered":"La Tunisie prend les r\u00eanes de la Ligue arabe pour les six prochains mois"},"content":{"rendered":"<div>\n<div tabindex=\"-1\" role=\"article\" aria-setsize=\"22\" aria-posinset=\"21\" aria-label=\"Message 21 sur 22\">\n<div>\n<div>\n<div>\n<div>\n<p>Sur instructions du pr\u00e9sident de la R\u00e9publique, Ka\u00efs Sa\u00efed, le ministre des Affaires \u00e9trang\u00e8res, de la migration et des Tunisiens \u00e0 l&rsquo;\u00e9tranger, Mohamed Ali Nafti, conduira la d\u00e9l\u00e9gation tunisienne \u00e0 la 166\u1d49 session ordinaire du Conseil de la Ligue des \u00c9tats arabes au niveau minist\u00e9riel, qui se tiendra le 7 septembre 2026 au Caire.<\/p>\n<\/div>\n<\/div>\n<\/div>\n<\/div>\n<\/div>\n<\/div>\n<div>\n<div tabindex=\"0\" role=\"article\" aria-setsize=\"22\" aria-posinset=\"22\" aria-label=\"Message 22 sur 22\">\n<p dir=\"ltr\">Cette session marquera un moment particulier pour la diplomatie tunisienne, puisque le pays y prendra officiellement la pr\u00e9sidence du Conseil de la Ligue arabe pour la p\u00e9riode allant de septembre 2026 \u00e0 mars 2027. La Tunisie entend faire de ce mandat une pr\u00e9sidence tourn\u00e9e vers le dialogue et la concertation, \u0153uvrant \u00e0 rapprocher les points de vue entre \u00c9tats membres et \u00e0 consolider les voies du consensus arabe. L&rsquo;objectif affich\u00e9 est clair : renforcer l&rsquo;unit\u00e9 de la position arabe afin de permettre \u00e0 la r\u00e9gion de faire face collectivement, et avec responsabilit\u00e9, aux d\u00e9fis qui se posent \u00e0 elle.<\/p>\n<p dir=\"ltr\">Sur le fond, les travaux de cette 166\u1d49 session porteront essentiellement sur l&rsquo;\u00e9volution de la situation dans la r\u00e9gion, avec une attention toute particuli\u00e8re port\u00e9e \u00e0 la cause palestinienne, dans un contexte marqu\u00e9 par la poursuite des exactions subies par le peuple palestinien \u00e0 Gaza comme en Cisjordanie. Les ministres arabes examineront \u00e9galement d&rsquo;autres dossiers r\u00e9gionaux, ainsi que les grands axes de la coop\u00e9ration interarabe dans les domaines du d\u00e9veloppement, de l&rsquo;\u00e9conomie, du social et de la s\u00e9curit\u00e9.<\/p>\n<p dir=\"ltr\">En marge de cette session, le chef de la diplomatie tunisienne multipliera par ailleurs les entretiens bilat\u00e9raux avec plusieurs de ses homologues des pays arabes fr\u00e8res, l&rsquo;occasion d&rsquo;aborder les relations bilat\u00e9rales et les dossiers d&rsquo;int\u00e9r\u00eat commun.<\/p>\n<\/div>\n<\/div>\n","protected":false},"excerpt":{"rendered":"<p>Sur instructions du pr\u00e9sident de la R\u00e9publique, Ka\u00efs Sa\u00efed, le ministre des Affaires \u00e9trang\u00e8res, de la migration et des Tunisiens \u00e0 l&rsquo;\u00e9tranger, Mohamed Ali Nafti, conduira la d\u00e9l\u00e9gation tunisienne \u00e0&hellip;<\/p>\n","protected":false},"author":144,"featured_media":347250,"comment_status":"open","ping_status":"closed","sticky":false,"template":"","format":"standard","meta":{"_lmt_disableupdate":"","_lmt_disable":"","_jetpack_memberships_contains_paid_content":false,"footnotes":""},"categories":[4,5],"tags":[11701,3680,3524,3736,1120],"class_list":["post-395145","post","type-post","status-publish","format-standard","has-post-thumbnail","hentry","category-actualites","category-politique","tag-conseil-de-la-ligue-arabe","tag-de-la-migration-et-des-tunisiens-a-letranger","tag-ministre-des-affaires-etrangeres","tag-realites-online","tag-tunisie"],"yoast_head":"<!-- This site is optimized with the Yoast SEO plugin v26.3 - https:\/\/yoast.com\/wordpress\/plugins\/seo\/ -->\n<title>La Tunisie prend les r\u00eanes de la Ligue arabe pour les six prochains mois - R\u00e9alit\u00e9s Magazine<\/title>\n<meta name=\"description\" content=\"Sur instructions du pr\u00e9sident de la R\u00e9publique, Ka\u00efs Sa\u00efed, le ministre des Affaires \u00e9trang\u00e8res, de la migration et des Tunisiens \u00e0 l&#039;\u00e9tranger, Mohamed\" \/>\n<meta name=\"robots\" content=\"index, follow, max-snippet:-1, max-image-preview:large, max-video-preview:-1\" \/>\n<link rel=\"canonical\" href=\"https:\/\/realites.com.tn\/fr\/la-tunisie-prend-les-renes-de-la-ligue-arabe-pour-les-six-prochains-mois\/\" \/>\n<meta property=\"og:locale\" content=\"fr_FR\" \/>\n<meta property=\"og:type\" content=\"article\" \/>\n<meta property=\"og:title\" content=\"La Tunisie prend les r\u00eanes de la Ligue arabe pour les six prochains mois - R\u00e9alit\u00e9s Magazine\" \/>\n<meta property=\"og:description\" content=\"Sur instructions du pr\u00e9sident de la R\u00e9publique, Ka\u00efs Sa\u00efed, le ministre des Affaires \u00e9trang\u00e8res, de la migration et des Tunisiens \u00e0 l&#039;\u00e9tranger, Mohamed\" \/>\n<meta property=\"og:url\" content=\"https:\/\/realites.com.tn\/fr\/la-tunisie-prend-les-renes-de-la-ligue-arabe-pour-les-six-prochains-mois\/\" \/>\n<meta property=\"og:site_name\" content=\"R\u00e9alit\u00e9s Magazine\" \/>\n<meta property=\"article:publisher\" content=\"https:\/\/www.facebook.com\/realites.tn\/\" \/>\n<meta property=\"article:published_time\" content=\"2026-09-06T10:19:42+00:00\" \/>\n<meta property=\"og:image\" content=\"https:\/\/realites.com.tn\/fr\/wp-content\/uploads\/2025\/02\/480600116_1052102513627036_6721334181772440432_n.jpg\" \/>\n\t<meta property=\"og:image:width\" content=\"593\" \/>\n\t<meta property=\"og:image:height\" content=\"395\" \/>\n\t<meta property=\"og:image:type\" content=\"image\/jpeg\" \/>\n<meta name=\"author\" content=\"WKB\" \/>\n<meta name=\"twitter:card\" content=\"summary_large_image\" \/>\n<meta name=\"twitter:label1\" content=\"\u00c9crit par\" \/>\n\t<meta name=\"twitter:data1\" content=\"WKB\" \/>\n\t<meta name=\"twitter:label2\" content=\"Dur\u00e9e de lecture estim\u00e9e\" \/>\n\t<meta name=\"twitter:data2\" content=\"2 minutes\" \/>\n<script type=\"application\/ld+json\" class=\"yoast-schema-graph\">{\"@context\":\"https:\/\/schema.org\",\"@graph\":[{\"@type\":\"WebPage\",\"@id\":\"https:\/\/realites.com.tn\/fr\/la-tunisie-prend-les-renes-de-la-ligue-arabe-pour-les-six-prochains-mois\/\",\"url\":\"https:\/\/realites.com.tn\/fr\/la-tunisie-prend-les-renes-de-la-ligue-arabe-pour-les-six-prochains-mois\/\",\"name\":\"La Tunisie prend les r\u00eanes de la Ligue arabe pour les six prochains mois - R\u00e9alit\u00e9s Magazine\",\"isPartOf\":{\"@id\":\"https:\/\/realites.com.tn\/fr\/#website\"},\"primaryImageOfPage\":{\"@id\":\"https:\/\/realites.com.tn\/fr\/la-tunisie-prend-les-renes-de-la-ligue-arabe-pour-les-six-prochains-mois\/#primaryimage\"},\"image\":{\"@id\":\"https:\/\/realites.com.tn\/fr\/la-tunisie-prend-les-renes-de-la-ligue-arabe-pour-les-six-prochains-mois\/#primaryimage\"},\"thumbnailUrl\":\"https:\/\/realites.com.tn\/fr\/wp-content\/uploads\/2025\/02\/480600116_1052102513627036_6721334181772440432_n.jpg\",\"datePublished\":\"2026-09-06T10:19:42+00:00\",\"author\":{\"@id\":\"https:\/\/realites.com.tn\/fr\/#\/schema\/person\/3017fbbf260e8228acd3e8ebf0cdd37f\"},\"description\":\"Sur instructions du pr\u00e9sident de la R\u00e9publique, Ka\u00efs Sa\u00efed, le ministre des Affaires \u00e9trang\u00e8res, de la migration et des Tunisiens \u00e0 l'\u00e9tranger, Mohamed\",\"breadcrumb\":{\"@id\":\"https:\/\/realites.com.tn\/fr\/la-tunisie-prend-les-renes-de-la-ligue-arabe-pour-les-six-prochains-mois\/#breadcrumb\"},\"inLanguage\":\"fr-FR\",\"potentialAction\":[{\"@type\":\"ReadAction\",\"target\":[\"https:\/\/realites.com.tn\/fr\/la-tunisie-prend-les-renes-de-la-ligue-arabe-pour-les-six-prochains-mois\/\"]}]},{\"@type\":\"ImageObject\",\"inLanguage\":\"fr-FR\",\"@id\":\"https:\/\/realites.com.tn\/fr\/la-tunisie-prend-les-renes-de-la-ligue-arabe-pour-les-six-prochains-mois\/#primaryimage\",\"url\":\"https:\/\/realites.com.tn\/fr\/wp-content\/uploads\/2025\/02\/480600116_1052102513627036_6721334181772440432_n.jpg\",\"contentUrl\":\"https:\/\/realites.com.tn\/fr\/wp-content\/uploads\/2025\/02\/480600116_1052102513627036_6721334181772440432_n.jpg\",\"width\":593,\"height\":395},{\"@type\":\"BreadcrumbList\",\"@id\":\"https:\/\/realites.com.tn\/fr\/la-tunisie-prend-les-renes-de-la-ligue-arabe-pour-les-six-prochains-mois\/#breadcrumb\",\"itemListElement\":[{\"@type\":\"ListItem\",\"position\":1,\"name\":\"Home\",\"item\":\"https:\/\/realites.com.tn\/fr\/\"},{\"@type\":\"ListItem\",\"position\":2,\"name\":\"La Tunisie prend les r\u00eanes de la Ligue arabe pour les six prochains mois\"}]},{\"@type\":\"WebSite\",\"@id\":\"https:\/\/realites.com.tn\/fr\/#website\",\"url\":\"https:\/\/realites.com.tn\/fr\/\",\"name\":\"R\u00e9alit\u00e9s Magazine\",\"description\":\"Actualit\u00e9s de la Tunisie\",\"potentialAction\":[{\"@type\":\"SearchAction\",\"target\":{\"@type\":\"EntryPoint\",\"urlTemplate\":\"https:\/\/realites.com.tn\/fr\/?s={search_term_string}\"},\"query-input\":{\"@type\":\"PropertyValueSpecification\",\"valueRequired\":true,\"valueName\":\"search_term_string\"}}],\"inLanguage\":\"fr-FR\"},{\"@type\":\"Person\",\"@id\":\"https:\/\/realites.com.tn\/fr\/#\/schema\/person\/3017fbbf260e8228acd3e8ebf0cdd37f\",\"name\":\"WKB\",\"image\":{\"@type\":\"ImageObject\",\"inLanguage\":\"fr-FR\",\"@id\":\"https:\/\/realites.com.tn\/fr\/#\/schema\/person\/image\/\",\"url\":\"https:\/\/secure.gravatar.com\/avatar\/90f27863f4f5326a9b64d42421f4a20f?s=96&d=mm&r=g\",\"contentUrl\":\"https:\/\/secure.gravatar.com\/avatar\/90f27863f4f5326a9b64d42421f4a20f?s=96&d=mm&r=g\",\"caption\":\"WKB\"},\"url\":\"https:\/\/realites.com.tn\/fr\/author\/wkb2025\/\"}]}<\/script>\n<!-- \/ Yoast SEO plugin. -->","yoast_head_json":{"title":"La Tunisie prend les r\u00eanes de la Ligue arabe pour les six prochains mois - R\u00e9alit\u00e9s Magazine","description":"Sur instructions du pr\u00e9sident de la R\u00e9publique, Ka\u00efs Sa\u00efed, le ministre des Affaires \u00e9trang\u00e8res, de la migration et des Tunisiens \u00e0 l'\u00e9tranger, Mohamed","robots":{"index":"index","follow":"follow","max-snippet":"max-snippet:-1","max-image-preview":"max-image-preview:large","max-video-preview":"max-video-preview:-1"},"canonical":"https:\/\/realites.com.tn\/fr\/la-tunisie-prend-les-renes-de-la-ligue-arabe-pour-les-six-prochains-mois\/","og_locale":"fr_FR","og_type":"article","og_title":"La Tunisie prend les r\u00eanes de la Ligue arabe pour les six prochains mois - R\u00e9alit\u00e9s Magazine","og_description":"Sur instructions du pr\u00e9sident de la R\u00e9publique, Ka\u00efs Sa\u00efed, le ministre des Affaires \u00e9trang\u00e8res, de la migration et des Tunisiens \u00e0 l'\u00e9tranger, Mohamed","og_url":"https:\/\/realites.com.tn\/fr\/la-tunisie-prend-les-renes-de-la-ligue-arabe-pour-les-six-prochains-mois\/","og_site_name":"R\u00e9alit\u00e9s Magazine","article_publisher":"https:\/\/www.facebook.com\/realites.tn\/","article_published_time":"2026-09-06T10:19:42+00:00","og_image":[{"width":593,"height":395,"url":"https:\/\/realites.com.tn\/fr\/wp-content\/uploads\/2025\/02\/480600116_1052102513627036_6721334181772440432_n.jpg","type":"image\/jpeg"}],"author":"WKB","twitter_card":"summary_large_image","twitter_misc":{"\u00c9crit par":"WKB","Dur\u00e9e de lecture estim\u00e9e":"2 minutes"},"schema":{"@context":"https:\/\/schema.org","@graph":[{"@type":"WebPage","@id":"https:\/\/realites.com.tn\/fr\/la-tunisie-prend-les-renes-de-la-ligue-arabe-pour-les-six-prochains-mois\/","url":"https:\/\/realites.com.tn\/fr\/la-tunisie-prend-les-renes-de-la-ligue-arabe-pour-les-six-prochains-mois\/","name":"La Tunisie prend les r\u00eanes de la Ligue arabe pour les six prochains mois - R\u00e9alit\u00e9s Magazine","isPartOf":{"@id":"https:\/\/realites.com.tn\/fr\/#website"},"primaryImageOfPage":{"@id":"https:\/\/realites.com.tn\/fr\/la-tunisie-prend-les-renes-de-la-ligue-arabe-pour-les-six-prochains-mois\/#primaryimage"},"image":{"@id":"https:\/\/realites.com.tn\/fr\/la-tunisie-prend-les-renes-de-la-ligue-arabe-pour-les-six-prochains-mois\/#primaryimage"},"thumbnailUrl":"https:\/\/realites.com.tn\/fr\/wp-content\/uploads\/2025\/02\/480600116_1052102513627036_6721334181772440432_n.jpg","datePublished":"2026-09-06T10:19:42+00:00","author":{"@id":"https:\/\/realites.com.tn\/fr\/#\/schema\/person\/3017fbbf260e8228acd3e8ebf0cdd37f"},"description":"Sur instructions du pr\u00e9sident de la R\u00e9publique, Ka\u00efs Sa\u00efed, le ministre des Affaires \u00e9trang\u00e8res, de la migration et des Tunisiens \u00e0 l'\u00e9tranger, Mohamed","breadcrumb":{"@id":"https:\/\/realites.com.tn\/fr\/la-tunisie-prend-les-renes-de-la-ligue-arabe-pour-les-six-prochains-mois\/#breadcrumb"},"inLanguage":"fr-FR","potentialAction":[{"@type":"ReadAction","target":["https:\/\/realites.com.tn\/fr\/la-tunisie-prend-les-renes-de-la-ligue-arabe-pour-les-six-prochains-mois\/"]}]},{"@type":"ImageObject","inLanguage":"fr-FR","@id":"https:\/\/realites.com.tn\/fr\/la-tunisie-prend-les-renes-de-la-ligue-arabe-pour-les-six-prochains-mois\/#primaryimage","url":"https:\/\/realites.com.tn\/fr\/wp-content\/uploads\/2025\/02\/480600116_1052102513627036_6721334181772440432_n.jpg","contentUrl":"https:\/\/realites.com.tn\/fr\/wp-content\/uploads\/2025\/02\/480600116_1052102513627036_6721334181772440432_n.jpg","width":593,"height":395},{"@type":"BreadcrumbList","@id":"https:\/\/realites.com.tn\/fr\/la-tunisie-prend-les-renes-de-la-ligue-arabe-pour-les-six-prochains-mois\/#breadcrumb","itemListElement":[{"@type":"ListItem","position":1,"name":"Home","item":"https:\/\/realites.com.tn\/fr\/"},{"@type":"ListItem","position":2,"name":"La Tunisie prend les r\u00eanes de la Ligue arabe pour les six prochains mois"}]},{"@type":"WebSite","@id":"https:\/\/realites.com.tn\/fr\/#website","url":"https:\/\/realites.com.tn\/fr\/","name":"R\u00e9alit\u00e9s Magazine","description":"Actualit\u00e9s de la Tunisie","potentialAction":[{"@type":"SearchAction","target":{"@type":"EntryPoint","urlTemplate":"https:\/\/realites.com.tn\/fr\/?s={search_term_string}"},"query-input":{"@type":"PropertyValueSpecification","valueRequired":true,"valueName":"search_term_string"}}],"inLanguage":"fr-FR"},{"@type":"Person","@id":"https:\/\/realites.com.tn\/fr\/#\/schema\/person\/3017fbbf260e8228acd3e8ebf0cdd37f","name":"WKB","image":{"@type":"ImageObject","inLanguage":"fr-FR","@id":"https:\/\/realites.com.tn\/fr\/#\/schema\/person\/image\/","url":"https:\/\/secure.gravatar.com\/avatar\/90f27863f4f5326a9b64d42421f4a20f?s=96&d=mm&r=g","contentUrl":"https:\/\/secure.gravatar.com\/avatar\/90f27863f4f5326a9b64d42421f4a20f?s=96&d=mm&r=g","caption":"WKB"},"url":"https:\/\/realites.com.tn\/fr\/author\/wkb2025\/"}]}},"jetpack_featured_media_url":"https:\/\/realites.com.tn\/fr\/wp-content\/uploads\/2025\/02\/480600116_1052102513627036_6721334181772440432_n.jpg","jetpack_sharing_enabled":true,"views":5,"_links":{"self":[{"href":"https:\/\/realites.com.tn\/fr\/wp-json\/wp\/v2\/posts\/395145","targetHints":{"allow":["GET"]}}],"collection":[{"href":"https:\/\/realites.com.tn\/fr\/wp-json\/wp\/v2\/posts"}],"about":[{"href":"https:\/\/realites.com.tn\/fr\/wp-json\/wp\/v2\/types\/post"}],"author":[{"embeddable":true,"href":"https:\/\/realites.com.tn\/fr\/wp-json\/wp\/v2\/users\/144"}],"replies":[{"embeddable":true,"href":"https:\/\/realites.com.tn\/fr\/wp-json\/wp\/v2\/comments?post=395145"}],"version-history":[{"count":1,"href":"https:\/\/realites.com.tn\/fr\/wp-json\/wp\/v2\/posts\/395145\/revisions"}],"predecessor-version":[{"id":395146,"href":"https:\/\/realites.com.tn\/fr\/wp-json\/wp\/v2\/posts\/395145\/revisions\/395146"}],"wp:featuredmedia":[{"embeddable":true,"href":"https:\/\/realites.com.tn\/fr\/wp-json\/wp\/v2\/media\/347250"}],"wp:attachment":[{"href":"https:\/\/realites.com.tn\/fr\/wp-json\/wp\/v2\/media?parent=395145"}],"wp:term":[{"taxonomy":"category","embeddable":true,"href":"https:\/\/realites.com.tn\/fr\/wp-json\/wp\/v2\/categories?post=395145"},{"taxonomy":"post_tag","embeddable":true,"href":"https:\/\/realites.com.tn\/fr\/wp-json\/wp\/v2\/tags?post=395145"}],"curies":[{"name":"wp","href":"https:\/\/api.w.org\/{rel}","templated":true}]}}