{"id":395147,"date":"2026-09-06T14:11:27","date_gmt":"2026-09-06T13:11:27","guid":{"rendered":"https:\/\/realites.com.tn\/fr\/?p=395147"},"modified":"2026-09-06T14:11:27","modified_gmt":"2026-09-06T13:11:27","slug":"nafti-entame-ses-activites-par-une-rencontre-avec-son-homologue-egyptien","status":"publish","type":"post","link":"https:\/\/realites.com.tn\/fr\/nafti-entame-ses-activites-par-une-rencontre-avec-son-homologue-egyptien\/","title":{"rendered":"Nafti entame ses activit\u00e9s par une rencontre avec son homologue \u00e9gyptien"},"content":{"rendered":"<div role=\"feed\" aria-label=\"Messages de la conversation\" aria-describedby=\"_r_7o_\">\n<div>\n<div tabindex=\"0\" role=\"article\" aria-setsize=\"24\" aria-posinset=\"24\" aria-label=\"Message 24 sur 24\">\n<p dir=\"ltr\">Le ministre des Affaires \u00e9trang\u00e8res, de la migration et des Tunisiens \u00e0 l&rsquo;\u00e9tranger, Mohamed Ali Nafti, a entam\u00e9 ce dimanche 6 septembre ses activit\u00e9s au Caire par un entretien avec son homologue \u00e9gyptien, Badr Abdel Aty. Les deux ministres se sont f\u00e9licit\u00e9s de l&rsquo;excellence des relations tuniso-\u00e9gyptiennes, consolid\u00e9es r\u00e9cemment par la Haute Commission mixte r\u00e9unie sous la pr\u00e9sidence des deux chefs de gouvernement, et se sont engag\u00e9s \u00e0 traduire ces acquis en r\u00e9sultats concrets : intensification des \u00e9changes commerciaux, meilleure circulation des produits entre les deux pays, exploration de projets d&rsquo;investissement conjoints et renforcement de la coop\u00e9ration technique entre les deux agences sp\u00e9cialis\u00e9es, notamment en direction de l&rsquo;Afrique. Les deux responsables ont par ailleurs \u00e9voqu\u00e9 plusieurs dossiers r\u00e9gionaux inscrits \u00e0 l&rsquo;ordre du jour de la 166\u1d49 session du Conseil de la Ligue arabe, insistant sur la n\u00e9cessit\u00e9 de coordonner les positions pour aboutir \u00e0 des solutions consensuelles.<\/p>\n<p dir=\"ltr\">\u00c0 l&rsquo;invitation de son homologue, Nafti a \u00e9galement pris part \u00e0 la septi\u00e8me r\u00e9union du dialogue entre les agences de coop\u00e9ration technique des pays membres de la Banque islamique de d\u00e9veloppement. Dans son intervention, il est revenu sur l&rsquo;exp\u00e9rience tunisienne en mati\u00e8re de coop\u00e9ration technique avec les pays islamiques, initi\u00e9e d\u00e8s les ann\u00e9es 1970, insistant sur l&rsquo;articulation entre s\u00e9curit\u00e9 et d\u00e9veloppement comme fondement d&rsquo;un partenariat Sud-Sud efficace, capable de renforcer les expertises et les capacit\u00e9s humaines dans le monde islamique. Il a salu\u00e9 \u00e0 cette occasion le r\u00f4le jou\u00e9 par la Banque islamique de d\u00e9veloppement depuis sa cr\u00e9ation, \u00e0 la m\u00eame \u00e9poque.<\/p>\n<p dir=\"ltr\">La visite s&rsquo;est enfin conclue par la signature, en pr\u00e9sence des deux ministres, d&rsquo;un m\u00e9morandum d&rsquo;entente entre l&rsquo;Agence tunisienne de coop\u00e9ration technique et son homologue \u00e9gyptienne, destin\u00e9 \u00e0 instaurer une coop\u00e9ration triangulaire Sud-Sud, ouvrant la voie \u00e0 une mobilisation conjointe des comp\u00e9tences tunisiennes et \u00e9gyptiennes au service des pays arabes et africains.<\/p>\n<\/div>\n<\/div>\n<div aria-hidden=\"true\"><\/div>\n<\/div>\n<div>\n<div>\n<div>\n<div>\n<div><\/div>\n<\/div>\n<\/div>\n<\/div>\n<\/div>\n<div aria-hidden=\"true\"><\/div>\n<div aria-hidden=\"true\"><\/div>\n<div><\/div>\n","protected":false},"excerpt":{"rendered":"<p>Le ministre des Affaires \u00e9trang\u00e8res, de la migration et des Tunisiens \u00e0 l&rsquo;\u00e9tranger, Mohamed Ali Nafti, a entam\u00e9 ce dimanche 6 septembre ses activit\u00e9s au Caire par un entretien avec&hellip;<\/p>\n","protected":false},"author":144,"featured_media":395148,"comment_status":"open","ping_status":"closed","sticky":false,"template":"","format":"standard","meta":{"_lmt_disableupdate":"","_lmt_disable":"","_jetpack_memberships_contains_paid_content":false,"footnotes":""},"categories":[4,5],"tags":[11701,3680,3524,5584,3736],"class_list":["post-395147","post","type-post","status-publish","format-standard","has-post-thumbnail","hentry","category-actualites","category-politique","tag-conseil-de-la-ligue-arabe","tag-de-la-migration-et-des-tunisiens-a-letranger","tag-ministre-des-affaires-etrangeres","tag-mohamed-ali-nafti","tag-realites-online"],"yoast_head":"<!-- This site is optimized with the Yoast SEO plugin v26.3 - https:\/\/yoast.com\/wordpress\/plugins\/seo\/ -->\n<title>Nafti entame ses activit\u00e9s par une rencontre avec son homologue \u00e9gyptien - R\u00e9alit\u00e9s Magazine<\/title>\n<meta name=\"description\" content=\"Le ministre des Affaires \u00e9trang\u00e8res, de la migration et des Tunisiens \u00e0 l&#039;\u00e9tranger, Mohamed Ali Nafti, a entam\u00e9 ce dimanche 6 septembre ses activit\u00e9s au\" \/>\n<meta name=\"robots\" content=\"index, follow, max-snippet:-1, max-image-preview:large, max-video-preview:-1\" \/>\n<link rel=\"canonical\" href=\"https:\/\/realites.com.tn\/fr\/nafti-entame-ses-activites-par-une-rencontre-avec-son-homologue-egyptien\/\" \/>\n<meta property=\"og:locale\" content=\"fr_FR\" \/>\n<meta property=\"og:type\" content=\"article\" \/>\n<meta property=\"og:title\" content=\"Nafti entame ses activit\u00e9s par une rencontre avec son homologue \u00e9gyptien - R\u00e9alit\u00e9s Magazine\" \/>\n<meta property=\"og:description\" content=\"Le ministre des Affaires \u00e9trang\u00e8res, de la migration et des Tunisiens \u00e0 l&#039;\u00e9tranger, Mohamed Ali Nafti, a entam\u00e9 ce dimanche 6 septembre ses activit\u00e9s au\" \/>\n<meta property=\"og:url\" content=\"https:\/\/realites.com.tn\/fr\/nafti-entame-ses-activites-par-une-rencontre-avec-son-homologue-egyptien\/\" \/>\n<meta property=\"og:site_name\" content=\"R\u00e9alit\u00e9s Magazine\" \/>\n<meta property=\"article:publisher\" content=\"https:\/\/www.facebook.com\/realites.tn\/\" \/>\n<meta property=\"article:published_time\" content=\"2026-09-06T13:11:27+00:00\" \/>\n<meta property=\"og:image\" content=\"https:\/\/realites.com.tn\/fr\/wp-content\/uploads\/2026\/09\/798717615_1554816480022301_1874283092086695631_n.jpg\" \/>\n\t<meta property=\"og:image:width\" content=\"1280\" \/>\n\t<meta property=\"og:image:height\" content=\"816\" \/>\n\t<meta property=\"og:image:type\" content=\"image\/jpeg\" \/>\n<meta name=\"author\" content=\"WKB\" \/>\n<meta name=\"twitter:card\" content=\"summary_large_image\" \/>\n<meta name=\"twitter:label1\" content=\"\u00c9crit par\" \/>\n\t<meta name=\"twitter:data1\" content=\"WKB\" \/>\n\t<meta name=\"twitter:label2\" content=\"Dur\u00e9e de lecture estim\u00e9e\" \/>\n\t<meta name=\"twitter:data2\" content=\"2 minutes\" \/>\n<script type=\"application\/ld+json\" class=\"yoast-schema-graph\">{\"@context\":\"https:\/\/schema.org\",\"@graph\":[{\"@type\":\"WebPage\",\"@id\":\"https:\/\/realites.com.tn\/fr\/nafti-entame-ses-activites-par-une-rencontre-avec-son-homologue-egyptien\/\",\"url\":\"https:\/\/realites.com.tn\/fr\/nafti-entame-ses-activites-par-une-rencontre-avec-son-homologue-egyptien\/\",\"name\":\"Nafti entame ses activit\u00e9s par une rencontre avec son homologue \u00e9gyptien - R\u00e9alit\u00e9s Magazine\",\"isPartOf\":{\"@id\":\"https:\/\/realites.com.tn\/fr\/#website\"},\"primaryImageOfPage\":{\"@id\":\"https:\/\/realites.com.tn\/fr\/nafti-entame-ses-activites-par-une-rencontre-avec-son-homologue-egyptien\/#primaryimage\"},\"image\":{\"@id\":\"https:\/\/realites.com.tn\/fr\/nafti-entame-ses-activites-par-une-rencontre-avec-son-homologue-egyptien\/#primaryimage\"},\"thumbnailUrl\":\"https:\/\/realites.com.tn\/fr\/wp-content\/uploads\/2026\/09\/798717615_1554816480022301_1874283092086695631_n.jpg\",\"datePublished\":\"2026-09-06T13:11:27+00:00\",\"author\":{\"@id\":\"https:\/\/realites.com.tn\/fr\/#\/schema\/person\/3017fbbf260e8228acd3e8ebf0cdd37f\"},\"description\":\"Le ministre des Affaires \u00e9trang\u00e8res, de la migration et des Tunisiens \u00e0 l'\u00e9tranger, Mohamed Ali Nafti, a entam\u00e9 ce dimanche 6 septembre ses activit\u00e9s au\",\"breadcrumb\":{\"@id\":\"https:\/\/realites.com.tn\/fr\/nafti-entame-ses-activites-par-une-rencontre-avec-son-homologue-egyptien\/#breadcrumb\"},\"inLanguage\":\"fr-FR\",\"potentialAction\":[{\"@type\":\"ReadAction\",\"target\":[\"https:\/\/realites.com.tn\/fr\/nafti-entame-ses-activites-par-une-rencontre-avec-son-homologue-egyptien\/\"]}]},{\"@type\":\"ImageObject\",\"inLanguage\":\"fr-FR\",\"@id\":\"https:\/\/realites.com.tn\/fr\/nafti-entame-ses-activites-par-une-rencontre-avec-son-homologue-egyptien\/#primaryimage\",\"url\":\"https:\/\/realites.com.tn\/fr\/wp-content\/uploads\/2026\/09\/798717615_1554816480022301_1874283092086695631_n.jpg\",\"contentUrl\":\"https:\/\/realites.com.tn\/fr\/wp-content\/uploads\/2026\/09\/798717615_1554816480022301_1874283092086695631_n.jpg\",\"width\":1280,\"height\":816},{\"@type\":\"BreadcrumbList\",\"@id\":\"https:\/\/realites.com.tn\/fr\/nafti-entame-ses-activites-par-une-rencontre-avec-son-homologue-egyptien\/#breadcrumb\",\"itemListElement\":[{\"@type\":\"ListItem\",\"position\":1,\"name\":\"Home\",\"item\":\"https:\/\/realites.com.tn\/fr\/\"},{\"@type\":\"ListItem\",\"position\":2,\"name\":\"Nafti entame ses activit\u00e9s par une rencontre avec son homologue \u00e9gyptien\"}]},{\"@type\":\"WebSite\",\"@id\":\"https:\/\/realites.com.tn\/fr\/#website\",\"url\":\"https:\/\/realites.com.tn\/fr\/\",\"name\":\"R\u00e9alit\u00e9s Magazine\",\"description\":\"Actualit\u00e9s de la Tunisie\",\"potentialAction\":[{\"@type\":\"SearchAction\",\"target\":{\"@type\":\"EntryPoint\",\"urlTemplate\":\"https:\/\/realites.com.tn\/fr\/?s={search_term_string}\"},\"query-input\":{\"@type\":\"PropertyValueSpecification\",\"valueRequired\":true,\"valueName\":\"search_term_string\"}}],\"inLanguage\":\"fr-FR\"},{\"@type\":\"Person\",\"@id\":\"https:\/\/realites.com.tn\/fr\/#\/schema\/person\/3017fbbf260e8228acd3e8ebf0cdd37f\",\"name\":\"WKB\",\"image\":{\"@type\":\"ImageObject\",\"inLanguage\":\"fr-FR\",\"@id\":\"https:\/\/realites.com.tn\/fr\/#\/schema\/person\/image\/\",\"url\":\"https:\/\/secure.gravatar.com\/avatar\/90f27863f4f5326a9b64d42421f4a20f?s=96&d=mm&r=g\",\"contentUrl\":\"https:\/\/secure.gravatar.com\/avatar\/90f27863f4f5326a9b64d42421f4a20f?s=96&d=mm&r=g\",\"caption\":\"WKB\"},\"url\":\"https:\/\/realites.com.tn\/fr\/author\/wkb2025\/\"}]}<\/script>\n<!-- \/ Yoast SEO plugin. -->","yoast_head_json":{"title":"Nafti entame ses activit\u00e9s par une rencontre avec son homologue \u00e9gyptien - R\u00e9alit\u00e9s Magazine","description":"Le ministre des Affaires \u00e9trang\u00e8res, de la migration et des Tunisiens \u00e0 l'\u00e9tranger, Mohamed Ali Nafti, a entam\u00e9 ce dimanche 6 septembre ses activit\u00e9s au","robots":{"index":"index","follow":"follow","max-snippet":"max-snippet:-1","max-image-preview":"max-image-preview:large","max-video-preview":"max-video-preview:-1"},"canonical":"https:\/\/realites.com.tn\/fr\/nafti-entame-ses-activites-par-une-rencontre-avec-son-homologue-egyptien\/","og_locale":"fr_FR","og_type":"article","og_title":"Nafti entame ses activit\u00e9s par une rencontre avec son homologue \u00e9gyptien - R\u00e9alit\u00e9s Magazine","og_description":"Le ministre des Affaires \u00e9trang\u00e8res, de la migration et des Tunisiens \u00e0 l'\u00e9tranger, Mohamed Ali Nafti, a entam\u00e9 ce dimanche 6 septembre ses activit\u00e9s au","og_url":"https:\/\/realites.com.tn\/fr\/nafti-entame-ses-activites-par-une-rencontre-avec-son-homologue-egyptien\/","og_site_name":"R\u00e9alit\u00e9s Magazine","article_publisher":"https:\/\/www.facebook.com\/realites.tn\/","article_published_time":"2026-09-06T13:11:27+00:00","og_image":[{"width":1280,"height":816,"url":"https:\/\/realites.com.tn\/fr\/wp-content\/uploads\/2026\/09\/798717615_1554816480022301_1874283092086695631_n.jpg","type":"image\/jpeg"}],"author":"WKB","twitter_card":"summary_large_image","twitter_misc":{"\u00c9crit par":"WKB","Dur\u00e9e de lecture estim\u00e9e":"2 minutes"},"schema":{"@context":"https:\/\/schema.org","@graph":[{"@type":"WebPage","@id":"https:\/\/realites.com.tn\/fr\/nafti-entame-ses-activites-par-une-rencontre-avec-son-homologue-egyptien\/","url":"https:\/\/realites.com.tn\/fr\/nafti-entame-ses-activites-par-une-rencontre-avec-son-homologue-egyptien\/","name":"Nafti entame ses activit\u00e9s par une rencontre avec son homologue \u00e9gyptien - R\u00e9alit\u00e9s Magazine","isPartOf":{"@id":"https:\/\/realites.com.tn\/fr\/#website"},"primaryImageOfPage":{"@id":"https:\/\/realites.com.tn\/fr\/nafti-entame-ses-activites-par-une-rencontre-avec-son-homologue-egyptien\/#primaryimage"},"image":{"@id":"https:\/\/realites.com.tn\/fr\/nafti-entame-ses-activites-par-une-rencontre-avec-son-homologue-egyptien\/#primaryimage"},"thumbnailUrl":"https:\/\/realites.com.tn\/fr\/wp-content\/uploads\/2026\/09\/798717615_1554816480022301_1874283092086695631_n.jpg","datePublished":"2026-09-06T13:11:27+00:00","author":{"@id":"https:\/\/realites.com.tn\/fr\/#\/schema\/person\/3017fbbf260e8228acd3e8ebf0cdd37f"},"description":"Le ministre des Affaires \u00e9trang\u00e8res, de la migration et des Tunisiens \u00e0 l'\u00e9tranger, Mohamed Ali Nafti, a entam\u00e9 ce dimanche 6 septembre ses activit\u00e9s au","breadcrumb":{"@id":"https:\/\/realites.com.tn\/fr\/nafti-entame-ses-activites-par-une-rencontre-avec-son-homologue-egyptien\/#breadcrumb"},"inLanguage":"fr-FR","potentialAction":[{"@type":"ReadAction","target":["https:\/\/realites.com.tn\/fr\/nafti-entame-ses-activites-par-une-rencontre-avec-son-homologue-egyptien\/"]}]},{"@type":"ImageObject","inLanguage":"fr-FR","@id":"https:\/\/realites.com.tn\/fr\/nafti-entame-ses-activites-par-une-rencontre-avec-son-homologue-egyptien\/#primaryimage","url":"https:\/\/realites.com.tn\/fr\/wp-content\/uploads\/2026\/09\/798717615_1554816480022301_1874283092086695631_n.jpg","contentUrl":"https:\/\/realites.com.tn\/fr\/wp-content\/uploads\/2026\/09\/798717615_1554816480022301_1874283092086695631_n.jpg","width":1280,"height":816},{"@type":"BreadcrumbList","@id":"https:\/\/realites.com.tn\/fr\/nafti-entame-ses-activites-par-une-rencontre-avec-son-homologue-egyptien\/#breadcrumb","itemListElement":[{"@type":"ListItem","position":1,"name":"Home","item":"https:\/\/realites.com.tn\/fr\/"},{"@type":"ListItem","position":2,"name":"Nafti entame ses activit\u00e9s par une rencontre avec son homologue \u00e9gyptien"}]},{"@type":"WebSite","@id":"https:\/\/realites.com.tn\/fr\/#website","url":"https:\/\/realites.com.tn\/fr\/","name":"R\u00e9alit\u00e9s Magazine","description":"Actualit\u00e9s de la Tunisie","potentialAction":[{"@type":"SearchAction","target":{"@type":"EntryPoint","urlTemplate":"https:\/\/realites.com.tn\/fr\/?s={search_term_string}"},"query-input":{"@type":"PropertyValueSpecification","valueRequired":true,"valueName":"search_term_string"}}],"inLanguage":"fr-FR"},{"@type":"Person","@id":"https:\/\/realites.com.tn\/fr\/#\/schema\/person\/3017fbbf260e8228acd3e8ebf0cdd37f","name":"WKB","image":{"@type":"ImageObject","inLanguage":"fr-FR","@id":"https:\/\/realites.com.tn\/fr\/#\/schema\/person\/image\/","url":"https:\/\/secure.gravatar.com\/avatar\/90f27863f4f5326a9b64d42421f4a20f?s=96&d=mm&r=g","contentUrl":"https:\/\/secure.gravatar.com\/avatar\/90f27863f4f5326a9b64d42421f4a20f?s=96&d=mm&r=g","caption":"WKB"},"url":"https:\/\/realites.com.tn\/fr\/author\/wkb2025\/"}]}},"jetpack_featured_media_url":"https:\/\/realites.com.tn\/fr\/wp-content\/uploads\/2026\/09\/798717615_1554816480022301_1874283092086695631_n.jpg","jetpack_sharing_enabled":true,"views":19,"_links":{"self":[{"href":"https:\/\/realites.com.tn\/fr\/wp-json\/wp\/v2\/posts\/395147","targetHints":{"allow":["GET"]}}],"collection":[{"href":"https:\/\/realites.com.tn\/fr\/wp-json\/wp\/v2\/posts"}],"about":[{"href":"https:\/\/realites.com.tn\/fr\/wp-json\/wp\/v2\/types\/post"}],"author":[{"embeddable":true,"href":"https:\/\/realites.com.tn\/fr\/wp-json\/wp\/v2\/users\/144"}],"replies":[{"embeddable":true,"href":"https:\/\/realites.com.tn\/fr\/wp-json\/wp\/v2\/comments?post=395147"}],"version-history":[{"count":1,"href":"https:\/\/realites.com.tn\/fr\/wp-json\/wp\/v2\/posts\/395147\/revisions"}],"predecessor-version":[{"id":395149,"href":"https:\/\/realites.com.tn\/fr\/wp-json\/wp\/v2\/posts\/395147\/revisions\/395149"}],"wp:featuredmedia":[{"embeddable":true,"href":"https:\/\/realites.com.tn\/fr\/wp-json\/wp\/v2\/media\/395148"}],"wp:attachment":[{"href":"https:\/\/realites.com.tn\/fr\/wp-json\/wp\/v2\/media?parent=395147"}],"wp:term":[{"taxonomy":"category","embeddable":true,"href":"https:\/\/realites.com.tn\/fr\/wp-json\/wp\/v2\/categories?post=395147"},{"taxonomy":"post_tag","embeddable":true,"href":"https:\/\/realites.com.tn\/fr\/wp-json\/wp\/v2\/tags?post=395147"}],"curies":[{"name":"wp","href":"https:\/\/api.w.org\/{rel}","templated":true}]}}